{"id":12703,"date":"2016-02-11T10:25:38","date_gmt":"2016-02-11T10:25:38","guid":{"rendered":"http:\/\/www.latempete.info\/?p=12703"},"modified":"2016-02-11T10:25:38","modified_gmt":"2016-02-11T10:25:38","slug":"un-des-chefs-de-larmee-de-resistance-du-seigneur-okot-odek-arrete-en-centrafrique","status":"publish","type":"post","link":"http:\/\/www.latempete.info\/?p=12703","title":{"rendered":"Un des chefs de l&rsquo;Arm\u00e9e de R\u00e9sistance du Seigneur  : Okot Odek arr\u00eat\u00e9 en Centrafrique"},"content":{"rendered":"<p style=\"text-align: justify;\"><em><strong>Ce principal commandant de la LRA connu sous le nom de \u00a0\u00bb Sam \u00a0\u00bb a \u00e9t\u00e9 appr\u00e9hend\u00e9 <\/strong><\/em><br \/>\n<em><strong>par une faction de la Seleka et remis aux forces am\u00e9ricaines<\/strong> <\/em><\/p>\n<p>Un des chefs de l&rsquo;Arm\u00e9e de R\u00e9sistance du Seigneur (LRA), Okot Odek, bien connu sous le nom de \u00a0\u00bb Sam \u00ab\u00a0, a \u00e9t\u00e9 captur\u00e9 le lundi dernier en Centrafrique par une des faction de la Seleka .<\/p>\n<p style=\"text-align: justify;\">Les rebelles l&rsquo;ont remis aux forces am\u00e9ricaines, d\u00e9ploy\u00e9es dans la r\u00e9gion depuis quelques ann\u00e9es pour neutraliser les hommes de Joseph Kony, aux cot\u00e9x des arm\u00e9es de la RDC, de la RCA, de l&rsquo;Ouganda et du Sud-Soudan.<\/p>\n<p style=\"text-align: justify;\">\u00a0\u00bb Nous d\u00e9tenons une liste des chefs de la LRA recherch\u00e9s et jug\u00e9s dangereux, qui nous permet d&rsquo;appuyer la traque men\u00e9e par les forces ougandaises et am\u00e9ricaines. Et celui qui vient d&rsquo;\u00eatre arr\u00eat\u00e9 et remis aux forces am\u00e9ricaines est le commandant Okot Odek \u00ab\u00a0, a d\u00e9clar\u00e9 une source citant la gendarmerie d&rsquo;Obo, ville de l&rsquo;extr\u00eame-Est de la Centrafrique, o\u00f9 sont bas\u00e9s militaires ougandais et am\u00e9ricains traquant la LRA.<\/p>\n<p style=\"text-align: justify;\">Une faction de l&rsquo;ex r\u00e9bellion de la S\u00e9l\u00e9ka, d\u00e9nomm\u00e9e le Front populaire pour la renaissance de Centrafrique (FPRC), avait annonc\u00e9 lundi \u00e0 l&rsquo;AFP avoir captur\u00e9 le weekend dernier et remis aux forces am\u00e9ricaines un chef de la LRA, pr\u00e9sent\u00e9 sous le nom de guerre de \u00a0\u00bb commandant Sam \u00ab\u00a0. Mais sur place \u00e0 Bangui, les autorit\u00e9s de Transition n&rsquo;ont pas encore confirm\u00e9 cette information.<\/p>\n<p style=\"text-align: justify;\">\u00a0\u00bb Son identit\u00e9 a \u00e9t\u00e9 r\u00e9v\u00e9l\u00e9e par lui-m\u00eame ainsi que par certains \u00e9l\u00e9ments qui se sont rendus \u00ab\u00a0, a ajout\u00e9 la source au sein de la gendarmerie, pr\u00e9cisant qu&rsquo;apr\u00e8s leur capture ou leur reddition \u00a0\u00bb les chefs sont d\u00e9tenus par les Am\u00e9ricains ou les Ougandais \u00ab\u00a0.<\/p>\n<p style=\"text-align: justify;\">Selon l&rsquo;ONG am\u00e9ricaine Invisible Children, cr\u00e9\u00e9 pour lutter contre les exactions de la LRA, Odek pourrait s&rsquo;\u00eatre rendu plut\u00f4t que d&rsquo;\u00eatre captur\u00e9.<\/p>\n<p style=\"text-align: justify;\">Sur son site, l&rsquo;ONG \u00e9voque l&rsquo;hypoth\u00e8se selon laquelle il aurait agi ainsi \u00a0\u00bb car il avait peur que Kony, chef de la LRA) ait donn\u00e9 des ordres pour le tuer \u00ab\u00a0, une pratique coutumi\u00e8re \u00e0 Joseph Kony contre les commandants qui n&rsquo;ont plus ses faveurs. Selon l&rsquo;ONG, des messages d&rsquo;Odek appelant \u00e0 se rendre les combattants de la LRA actifs en Centrafrique et en R\u00e9publique d\u00e9mocratique du Congo seraient pr\u00eats \u00e0 \u00eatre diffus\u00e9s par des radios locales.<\/p>\n<p style=\"text-align: justify;\">Cette arrestation intervient apr\u00e8s une s\u00e9rie d&rsquo;attaques d&rsquo;hommes de la LRA ces derni\u00e8res semaines dans les r\u00e9gions de Z\u00e9mio, Bakouma et Bangassou dans l&rsquo;est et le nord-est de la Centrafrique. Ces incidents se sont sold\u00e9s par la mort d&rsquo;au moins une personne et par plusieurs dizaines d&rsquo;enl\u00e8vements.<\/p>\n<p style=\"text-align: justify;\">L&rsquo;ex-S\u00e9l\u00e9ka avait d\u00e9j\u00e0 revendiqu\u00e9 en janvier 2015 l&rsquo;arrestation de Dominic Ongwen, ancien chef de guerre ougandais de la LRA, qui a comparu le 21 janvier devant la Cour p\u00e9nale internationale (CPI) pour r\u00e9pondre de 70 chefs d&rsquo;accusations de crimes de guerre et crimes contre l&rsquo;humanit\u00e9.<\/p>\n<p style=\"text-align: justify;\">Victime devient bourreau<\/p>\n<p style=\"text-align: justify;\">Odek \u00e9tait l&rsquo;un des proches de Kony, lui servant de garde du corps \u00e0 l&rsquo;occasion d&rsquo;une rencontre avec des n\u00e9gociateurs, en pr\u00e9sence de journalistes, dans l&rsquo;une de ses bases en 2006. Il avait \u00e9t\u00e9 enlev\u00e9 enfant, aux environs de huit ans, par la LRA dans le nord de l&rsquo;Ouganda, dans le district de Gulu, une pratique coutumi\u00e8re de la r\u00e9bellion.<\/p>\n<p style=\"text-align: justify;\">Il est ensuite devenu lieutenant-colonel au sein de la r\u00e9bellion, \u00e0 la t\u00eate d&rsquo;unit\u00e9s d&rsquo;une cinquantaine de combattants pour mener des attaques dans le nord-est de la RDC et sa mise hors d&rsquo;\u00e9tat de nuire pourraient repr\u00e9senter pour la LRA une perte plus importante que celle de Dominic Ongwen.<\/p>\n<p style=\"text-align: justify;\">Selon l&rsquo;ONU, la LRA men\u00e9e par Joseph Kony a tu\u00e9 plus de 100.000 personnes et enlev\u00e9 plus de 60.000 enfants d&rsquo;abord dans le nord de l&rsquo;Ouganda, puis au gr\u00e9 de son exil dans les pays voisins.<\/p>\n<p style=\"text-align: justify;\">Cr\u00e9\u00e9e en 1987 avec l&rsquo;objectif de renverser le pr\u00e9sident ougandais Yoweri Museveni, elle s&rsquo;est forg\u00e9e une effroyable r\u00e9putation au fil de ses exactions en Ouganda, dans le Soudan du Sud, dans le nord-est de la R\u00e9publique d\u00e9mocratique du Congo puis en Centrafrique.<\/p>\n<p style=\"text-align: justify;\">L&rsquo;\u00e9tat de d\u00e9liquescence des autorit\u00e9s centrafricaines dans les r\u00e9gions de l&rsquo;est, soumises aux bandes arm\u00e9es bien avant la chute du pr\u00e9sident Fran\u00e7ois Boziz\u00e9, renvers\u00e9 en mars 2013 par la S\u00e9l\u00e9ka, a facilit\u00e9 la p\u00e9n\u00e9tration de la LRA en RCA. La LRA reste une menace pour la RDC, Sud-Soudan, RCA, Ouganda.<\/p>\n<p style=\"text-align: justify;\">Par God\u00e9 Kalonji<\/p>\n","protected":false},"excerpt":{"rendered":"<p>Ce principal commandant de la LRA connu sous le nom de \u00a0\u00bb Sam \u00a0\u00bb a \u00e9t\u00e9 appr\u00e9hend\u00e9 par une faction de la Seleka et remis aux forces am\u00e9ricaines Un des chefs de l&rsquo;Arm\u00e9e de R\u00e9sistance du Seigneur (LRA), Okot Odek, bien connu sous le nom de \u00a0\u00bb Sam \u00ab\u00a0, a \u00e9t\u00e9 captur\u00e9 le lundi dernier [&hellip;]<\/p>\n","protected":false},"author":1,"featured_media":12704,"comment_status":"open","ping_status":"open","sticky":false,"template":"","format":"standard","meta":{"footnotes":""},"categories":[136,134,130,5],"tags":[],"class_list":["post-12703","post","type-post","status-publish","format-standard","has-post-thumbnail","hentry","category-a-la-une","category-la-tempete-des-tropiques","category-nation","category-politique"],"_links":{"self":[{"href":"http:\/\/www.latempete.info\/index.php?rest_route=\/wp\/v2\/posts\/12703"}],"collection":[{"href":"http:\/\/www.latempete.info\/index.php?rest_route=\/wp\/v2\/posts"}],"about":[{"href":"http:\/\/www.latempete.info\/index.php?rest_route=\/wp\/v2\/types\/post"}],"author":[{"embeddable":true,"href":"http:\/\/www.latempete.info\/index.php?rest_route=\/wp\/v2\/users\/1"}],"replies":[{"embeddable":true,"href":"http:\/\/www.latempete.info\/index.php?rest_route=%2Fwp%2Fv2%2Fcomments&post=12703"}],"version-history":[{"count":1,"href":"http:\/\/www.latempete.info\/index.php?rest_route=\/wp\/v2\/posts\/12703\/revisions"}],"predecessor-version":[{"id":12705,"href":"http:\/\/www.latempete.info\/index.php?rest_route=\/wp\/v2\/posts\/12703\/revisions\/12705"}],"wp:featuredmedia":[{"embeddable":true,"href":"http:\/\/www.latempete.info\/index.php?rest_route=\/wp\/v2\/media\/12704"}],"wp:attachment":[{"href":"http:\/\/www.latempete.info\/index.php?rest_route=%2Fwp%2Fv2%2Fmedia&parent=12703"}],"wp:term":[{"taxonomy":"category","embeddable":true,"href":"http:\/\/www.latempete.info\/index.php?rest_route=%2Fwp%2Fv2%2Fcategories&post=12703"},{"taxonomy":"post_tag","embeddable":true,"href":"http:\/\/www.latempete.info\/index.php?rest_route=%2Fwp%2Fv2%2Ftags&post=12703"}],"curies":[{"name":"wp","href":"https:\/\/api.w.org\/{rel}","templated":true}]}}