{"id":14390,"date":"2016-06-07T10:48:46","date_gmt":"2016-06-07T10:48:46","guid":{"rendered":"http:\/\/www.latempete.info\/?p=14390"},"modified":"2016-06-07T10:48:46","modified_gmt":"2016-06-07T10:48:46","slug":"14390-2","status":"publish","type":"post","link":"http:\/\/www.latempete.info\/?p=14390","title":{"rendered":"L&rsquo;argumentaire pr\u00e9sent\u00e9 par le chef du gouvernement devant les s\u00e9nateurs a \u00e9t\u00e9 balay\u00e9 point par point par Mokonda Bonza qui lui a demand\u00e9 d&rsquo;\u00eatre sensible aux cris de c\u0153ur des Congolais"},"content":{"rendered":"<p style=\"text-align: justify;\"><em><strong>Le premier ministre plac\u00e9 devant ses responsabilit\u00e9s<\/strong><\/em><\/p>\n<p>La s\u00e9ance pl\u00e9ni\u00e8re organis\u00e9e hier lundi 6 juin 2016 \u00e0 la Chambre haute du parlement restera \u00e0 jamais grav\u00e9e dans la m\u00e9moire du 1er ministre Matata Ponyo Mapon. L&rsquo;\u00e9conomiste qui dirige l&rsquo;ex\u00e9cutif congolais sous la houlette du pr\u00e9sident de la R\u00e9publique s&rsquo;est exprim\u00e9 pendant une heure et trente minutes pour r\u00e9pondre aux pr\u00e9occupations soulev\u00e9es par les s\u00e9nateurs, relatives \u00e0 la question orale avec d\u00e9bat du s\u00e9nateur Florentin Mokonda Bonza jeudi 1er juin 20160.<\/p>\n<p style=\"text-align: justify;\">Devant ainsi r\u00e9pondre \u00e0 la flop\u00e9e de questions pos\u00e9es par les s\u00e9nateurs sur la conduite de la politique de la nation, Matata Ponyo a d\u00fb r\u00e9partir ses \u00e9l\u00e9ments de r\u00e9ponse sur cinq secteurs : le domaine politique et social, le domaine \u00e9conomique, celui des infrastructures, la gestion des ressources humaines ainsi que le secteur public. Comme dans un auditoire, le 1er d&rsquo;entre les ministres de Joseph Kabila a parl\u00e9, chiffres \u00e0 l&rsquo;appui, pour convaincre les s\u00e9nateurs sur les questions soulev\u00e9es.<\/p>\n<p style=\"text-align: justify;\">Du plan de r\u00e9forme de l&rsquo;arm\u00e9e et de la police \u00e0 la d\u00e9gradation de la voirie urbaine en passant par la probl\u00e9matique des \u00e9lections, le 1er ministre a fourni des explications sur le processus \u00e9lectoral et son financement, la fragilit\u00e9 du cadre macro\u00e9conomique, la dilapidation des ressources publiques, la Biac, la diversification de l&rsquo;\u00e9conomie nationale, la politique agricole, la dette int\u00e9rieure et ext\u00e9rieure, la construction des \u00e9coles, h\u00f4pitaux, centres de sant\u00e9, stades municipaux, l&rsquo;\u00e9lectricit\u00e9, la bancarisation, la construction du port en eau profonde \u00e0 Banana, la compagnie a\u00e9rienne Congo Airways\u2026 bref, tous les aspects qui int\u00e9ressent la politique de la nation.<\/p>\n<p style=\"text-align: justify;\">Rejet en bloc des arguments du 1er ministre sur la bonne gouvernance<\/p>\n<p style=\"text-align: justify;\">R\u00e9agissant \u00e0 son tour aux r\u00e9ponses du 1er ministre, l&rsquo;auteur de la question orale avec d\u00e9bat a fait remarquer \u00e0 ce membre du gouvernement qu&rsquo;il n&rsquo;a r\u00e9pondu \u00e0 aucune de quatre questions lui pos\u00e9es. De ce fait, il a ramen\u00e9 le locataire de la primature aux principes de bonne gouvernance, \u00e0 l&rsquo;\u00e9quit\u00e9 et la justice.<\/p>\n<p style=\"text-align: justify;\">Mokonda Bonza a dit avoir l&rsquo;impression de se trouver en face d&rsquo;un premier ministre qui gouverne un pays qu&rsquo;il ne connait que sur papier, voyageant souvent \u00e0 l&rsquo;\u00e9tranger.<\/p>\n<p style=\"text-align: justify;\">Au sein de l&rsquo;administration, il r\u00e8gne un grand malaise, a-t-il fait savoir. Des suspensions et mises \u00e0 la retraite fantaisistes, des nominations sur fond de client\u00e9lisme, du n\u00e9potisme et des pr\u00e9occupations personnelles. En plus, a-t-il ajout\u00e9, le personnel civil et militaire est retrait\u00e9 sans la moindre consid\u00e9ration.<\/p>\n<p style=\"text-align: justify;\">Si la gouvernance est \u00e9conomique, elle est aussi politique et culturelle. Et l&rsquo;un de grands supports de la croissance demeure l&rsquo;investissement.<\/p>\n<p style=\"text-align: justify;\">La stabilit\u00e9 du taux de change et la croissance macro\u00e9conomique quotidiennement vant\u00e9es par le 1er ministre, y compris la R\u00e9volution de la modernit\u00e9, sont un leurre, \u00e0 en croire le s\u00e9nateur Mokonda.<br \/>\nAucun plan quinquennal soumis au S\u00e9nat apr\u00e8s quatre ans de gouvernance. Il a \u00e9t\u00e9 dit au chef du gouvernement de ne pas masquer sa m\u00e9gestion sur des soubresauts du pass\u00e9.<\/p>\n<p style=\"text-align: justify;\">Car, la II\u00e8 R\u00e9publique a laiss\u00e9 des traces : barrage d&rsquo;Inga, achat des a\u00e9ronefs pimpants neufs, construction Cit\u00e9 Mama Mobutu, achat des locomotives neuves\u2026 L&rsquo;exemple de la C\u00f4te d&rsquo;Ivoire sous Alassane Ouattara a \u00e9t\u00e9 soulev\u00e9 pour servir d&rsquo;exemple \u00e0 Augustin Matata.<\/p>\n<p style=\"text-align: justify;\">Du point de vue social, le projet immobilier \u00e0 Kinshasa (construction de la Cit\u00e9 du Fleuve) n&rsquo;est pas \u00e0 confondre avec les logements sociaux, les fonctionnaires ne pouvant pas y acc\u00e9der. Dans des camps militaires, des hommes en uniforme vivent dans des conditions ex\u00e9crables.<\/p>\n<p style=\"text-align: justify;\">Il est ahurissant de voir quatre familles partager un b\u00e2timent, s&rsquo;est exclam\u00e9 Mokonda Bonza. L&rsquo;insalubrit\u00e9 est devenue le lot quotidien \u00e0 Kinshasa. Dans l&rsquo;entre-temps, la quasi-totalit\u00e9 de la population n&rsquo;a pas acc\u00e8s \u00e0 l&rsquo;eau potable et \u00e0 l&rsquo;\u00e9lectricit\u00e9. Le gouvernement a ouvert les portes aux expatri\u00e9s tandis que les Congolais ne b\u00e9n\u00e9ficient d&rsquo;aucune pr\u00e9rogative dans plusieurs activit\u00e9s.<\/p>\n<p style=\"text-align: justify;\">Or, la cr\u00e9ation des richesses aurait d\u00fb se traduire par une meilleure mobilisation des ressources humaines. Alors que la population congolaise, dans son \u00e9crasante majorit\u00e9, croupit dans la mis\u00e8re, la primature s&rsquo;accapare de plus de la moiti\u00e9 du budget annuel.<\/p>\n<p style=\"text-align: justify;\">Le s\u00e9nateur Mokonda Bonza, insatisfait des r\u00e9ponses du 1er ministre, a rappel\u00e9 \u00e0 ce dernier qu&rsquo;il a du c\u0153ur, et qu&rsquo;il doit \u00eatre sensible aux cris de c\u0153ur des Congolais<\/p>\n<p style=\"text-align: justify;\">Par GO<\/p>\n","protected":false},"excerpt":{"rendered":"<p>Le premier ministre plac\u00e9 devant ses responsabilit\u00e9s La s\u00e9ance pl\u00e9ni\u00e8re organis\u00e9e hier lundi 6 juin 2016 \u00e0 la Chambre haute du parlement restera \u00e0 jamais grav\u00e9e dans la m\u00e9moire du 1er ministre Matata Ponyo Mapon. L&rsquo;\u00e9conomiste qui dirige l&rsquo;ex\u00e9cutif congolais sous la houlette du pr\u00e9sident de la R\u00e9publique s&rsquo;est exprim\u00e9 pendant une heure et trente [&hellip;]<\/p>\n","protected":false},"author":1,"featured_media":0,"comment_status":"open","ping_status":"open","sticky":false,"template":"","format":"standard","meta":{"footnotes":""},"categories":[134,130,5],"tags":[],"class_list":["post-14390","post","type-post","status-publish","format-standard","hentry","category-la-tempete-des-tropiques","category-nation","category-politique"],"_links":{"self":[{"href":"http:\/\/www.latempete.info\/index.php?rest_route=\/wp\/v2\/posts\/14390"}],"collection":[{"href":"http:\/\/www.latempete.info\/index.php?rest_route=\/wp\/v2\/posts"}],"about":[{"href":"http:\/\/www.latempete.info\/index.php?rest_route=\/wp\/v2\/types\/post"}],"author":[{"embeddable":true,"href":"http:\/\/www.latempete.info\/index.php?rest_route=\/wp\/v2\/users\/1"}],"replies":[{"embeddable":true,"href":"http:\/\/www.latempete.info\/index.php?rest_route=%2Fwp%2Fv2%2Fcomments&post=14390"}],"version-history":[{"count":1,"href":"http:\/\/www.latempete.info\/index.php?rest_route=\/wp\/v2\/posts\/14390\/revisions"}],"predecessor-version":[{"id":14391,"href":"http:\/\/www.latempete.info\/index.php?rest_route=\/wp\/v2\/posts\/14390\/revisions\/14391"}],"wp:attachment":[{"href":"http:\/\/www.latempete.info\/index.php?rest_route=%2Fwp%2Fv2%2Fmedia&parent=14390"}],"wp:term":[{"taxonomy":"category","embeddable":true,"href":"http:\/\/www.latempete.info\/index.php?rest_route=%2Fwp%2Fv2%2Fcategories&post=14390"},{"taxonomy":"post_tag","embeddable":true,"href":"http:\/\/www.latempete.info\/index.php?rest_route=%2Fwp%2Fv2%2Ftags&post=14390"}],"curies":[{"name":"wp","href":"https:\/\/api.w.org\/{rel}","templated":true}]}}