{"id":14503,"date":"2016-06-15T09:37:18","date_gmt":"2016-06-15T09:37:18","guid":{"rendered":"http:\/\/www.latempete.info\/?p=14503"},"modified":"2016-06-15T09:37:18","modified_gmt":"2016-06-15T09:37:18","slug":"apres-le-conclave-de-lopposition-kodjo-attendu-a-bruxelles-pour-rencontrer-tshisekedi","status":"publish","type":"post","link":"http:\/\/www.latempete.info\/?p=14503","title":{"rendered":"Apr\u00e8s le Conclave de l&rsquo;Opposition : Kodjo attendu \u00e0 Bruxelles pour rencontrer Tshisekedi"},"content":{"rendered":"<p style=\"text-align: justify;\"><em><strong>D&rsquo;accord pour le panel exig\u00e9 par le Sphinx, le facilitateur togolais tiendra une importante r\u00e9union avec le Comit\u00e9 des sages issu du forum de Genval avant de se rendre \u00e0 Paris pour discuter avec la SG de l&rsquo;OIF, Micha\u00eblle Jean<\/strong><\/em><\/p>\n<p>Facilitateur du dialogue politique congolais, le Togolais Edem Kodjo s&rsquo;est entretenu hier mardi 14 juin 2016 avec la presse pour faire le point sur l&rsquo;avancement de la mission lui confi\u00e9e par l&rsquo;Union Africaine (UA).<\/p>\n<p style=\"text-align: justify;\">Il a indiqu\u00e9 qu&rsquo;il se rend cette semaine \u00e0 Bruxelles pour rencontrer le Comit\u00e9 des sages, une structure issue du Conclave de l&rsquo;Opposition tenu dans la capitale belge du 8 au 9 juin 2016. Il a pr\u00e9cis\u00e9 qu&rsquo;il est d&rsquo;accord pour le panel exig\u00e9 par le pr\u00e9sident national de l&rsquo;Union pour la d\u00e9mocratie et le Progr\u00e8s Social (UDPS), Etienne Tshisekedi. Ce que Kodjo appelle \u00a0\u00bb Groupe de soutien \u00a0\u00bb est compos\u00e9 de repr\u00e9sentants de l&rsquo;Organisation Internationale de la Francophonie (OIF), Union Africaine, Union Europ\u00e9enne, ONU, CRGL, SADC\u2026. Il souhaite que ce \u00a0\u00bb Groupe de soutien \u00a0\u00bb soit accompagn\u00e9 de deux anciens chefs d&rsquo;Etat africains.<\/p>\n<p style=\"text-align: justify;\">Pour lui, derri\u00e8re les conclusions de Bruxelles, il entrevoit encore une lueur d&rsquo;espoir. Ce qui lui permet de croire que \u00a0\u00bb c&rsquo;est encore possible \u00ab\u00a0. Il a profit\u00e9 de l&rsquo;occasion pour lancer un appel aux acteurs politiques de faire preuve de retenu.<\/p>\n<p style=\"text-align: justify;\">Edem Kodjo veut rencontrer le Comit\u00e9 des sages institu\u00e9 par le Conclave de l&rsquo;Opposition pour parler le m\u00eame langage sur certains nombres de points soulev\u00e9s par les participants \u00e0 la r\u00e9union de Genval, notamment sur le dialogue convoqu\u00e9 par le pr\u00e9sident Joseph Kabila et celui pr\u00f4n\u00e9 par la R\u00e9solution 2277 des Nations Unies.<\/p>\n<p style=\"text-align: justify;\">Il dit se rendre \u00e0 Bruxelles pour rencontrer l&rsquo;Opposition et voir les points qui rassemblent. Une source bas\u00e9e \u00e0 Bruxelles fait \u00e9tat de la volont\u00e9 du Comit\u00e9 des sages d&rsquo;envoyer une lettre \u00e0 Mme Nkosazana Zuma et Ban KI-Moon pour leur transmettre sa position.\u00a0Kodjo souligne qu&rsquo;il n y a pas deux dialogues. Il facilite celui convoqu\u00e9 conform\u00e9ment \u00e0 la R\u00e9solution 2277.<\/p>\n<p style=\"text-align: justify;\">\u00a0\u00bb Dans la R\u00e9solution 2277, on parle du dialogue que je facilite, pas d&rsquo;un autre dialogue \u00ab\u00a0, a martel\u00e9 Edem Kodjo.\u00a0Ce dernier se rendra \u00e9galement \u00e0 Paris, en France, en vue de discuter avec Mme Micha\u00eblle Jean, Secr\u00e9taire g\u00e9n\u00e9rale de l&rsquo;OIF, sur les diff\u00e9rentes d\u00e9marches men\u00e9es par la facilitation pour la tenue du dialogue politique en RDC.<\/p>\n<p style=\"text-align: justify;\">Apr\u00e8s Paris, Edem Kodjo rentrera \u00e0 Kinshasa pour convoquer une r\u00e9union avec les diff\u00e9rents repr\u00e9sentants de ce Groupe de soutien dans le but d&rsquo;avoir des contacts p\u00e9riodiques avec lui et d\u00e9bloquer la situation.<\/p>\n<p>Du Groupe de travail<\/p>\n<p style=\"text-align: justify;\">Lors de sa conf\u00e9rence de presse tenue \u00e0 Kinshasa le 20 mai 2016, Edem Kodjo avait rendu publique la liste des d\u00e9l\u00e9gu\u00e9s de la soci\u00e9t\u00e9 civile faisant partie du Groupe de travail en attendant la mise sur pied du Comit\u00e9 pr\u00e9paratoire du dialogue. Cette liste de dix personnes a \u00e9t\u00e9 contest\u00e9e par certains acteurs de la soci\u00e9t\u00e9 civile.<\/p>\n<p style=\"text-align: justify;\">Bien que la Majorit\u00e9 pr\u00e9sidentielle (MP) ait d\u00e9j\u00e0 transmis sa liste des membres du Comit\u00e9 pr\u00e9paratoire du dialogue au facilitateur, l&rsquo;homme d&rsquo;Etat togolais attend encore celle de l&rsquo;Opposition conduite par l&rsquo;UDPS qui entend se rassurer de la mission lui confi\u00e9e et sa feuille de route du 15 f\u00e9vrier 2015 pour la sortie de crise.<\/p>\n<p style=\"text-align: justify;\">Mais le dernier Conclave de l&rsquo;Opposition tenue dans la capitale belge vient de tirer les choses au clair avec des r\u00e9solutions intransigeantes.\u00a0\u00bb Non au dialogue convoqu\u00e9 par l&rsquo;ordonnance de Joseph Kabila du 28 novembre 2015 \u00ab\u00a0, peut-on lire dans les recommandations de ce forum.<\/p>\n<p style=\"text-align: justify;\">L&rsquo;Opposition congolaise exige la mise en \u0153uvre int\u00e9grale de la R\u00e9solution 2277 du Conseil de s\u00e9curit\u00e9 des Nations Unies sous la mod\u00e9ration du facilitateur international renforc\u00e9e par un panel des repr\u00e9sentants des Nations Unies, de l&rsquo;Union Africaine, de l&rsquo;OIF, ainsi que des USA.<\/p>\n<p style=\"text-align: justify;\"><span class=\"Apple-style-span\">Par God\u00e9 Kalonji<\/span><\/p>\n","protected":false},"excerpt":{"rendered":"<p>D&rsquo;accord pour le panel exig\u00e9 par le Sphinx, le facilitateur togolais tiendra une importante r\u00e9union avec le Comit\u00e9 des sages issu du forum de Genval avant de se rendre \u00e0 Paris pour discuter avec la SG de l&rsquo;OIF, Micha\u00eblle Jean Facilitateur du dialogue politique congolais, le Togolais Edem Kodjo s&rsquo;est entretenu hier mardi 14 juin [&hellip;]<\/p>\n","protected":false},"author":1,"featured_media":12613,"comment_status":"open","ping_status":"open","sticky":false,"template":"","format":"standard","meta":{"footnotes":""},"categories":[136,134,130,5],"tags":[],"class_list":["post-14503","post","type-post","status-publish","format-standard","has-post-thumbnail","hentry","category-a-la-une","category-la-tempete-des-tropiques","category-nation","category-politique"],"_links":{"self":[{"href":"http:\/\/www.latempete.info\/index.php?rest_route=\/wp\/v2\/posts\/14503"}],"collection":[{"href":"http:\/\/www.latempete.info\/index.php?rest_route=\/wp\/v2\/posts"}],"about":[{"href":"http:\/\/www.latempete.info\/index.php?rest_route=\/wp\/v2\/types\/post"}],"author":[{"embeddable":true,"href":"http:\/\/www.latempete.info\/index.php?rest_route=\/wp\/v2\/users\/1"}],"replies":[{"embeddable":true,"href":"http:\/\/www.latempete.info\/index.php?rest_route=%2Fwp%2Fv2%2Fcomments&post=14503"}],"version-history":[{"count":1,"href":"http:\/\/www.latempete.info\/index.php?rest_route=\/wp\/v2\/posts\/14503\/revisions"}],"predecessor-version":[{"id":14504,"href":"http:\/\/www.latempete.info\/index.php?rest_route=\/wp\/v2\/posts\/14503\/revisions\/14504"}],"wp:featuredmedia":[{"embeddable":true,"href":"http:\/\/www.latempete.info\/index.php?rest_route=\/wp\/v2\/media\/12613"}],"wp:attachment":[{"href":"http:\/\/www.latempete.info\/index.php?rest_route=%2Fwp%2Fv2%2Fmedia&parent=14503"}],"wp:term":[{"taxonomy":"category","embeddable":true,"href":"http:\/\/www.latempete.info\/index.php?rest_route=%2Fwp%2Fv2%2Fcategories&post=14503"},{"taxonomy":"post_tag","embeddable":true,"href":"http:\/\/www.latempete.info\/index.php?rest_route=%2Fwp%2Fv2%2Ftags&post=14503"}],"curies":[{"name":"wp","href":"https:\/\/api.w.org\/{rel}","templated":true}]}}