{"id":14545,"date":"2016-06-17T08:23:21","date_gmt":"2016-06-17T08:23:21","guid":{"rendered":"http:\/\/www.latempete.info\/?p=14545"},"modified":"2016-06-17T08:23:21","modified_gmt":"2016-06-17T08:23:21","slug":"kongo-central-26-detenus-sevadent-de-la-prison-centrale-de-boma","status":"publish","type":"post","link":"http:\/\/www.latempete.info\/?p=14545","title":{"rendered":"Kongo Central  : 26 d\u00e9tenus s&rsquo;\u00e9vadent de la prison centrale de Boma !"},"content":{"rendered":"<p style=\"text-align: justify;\">La population de la ville de Boma, la toute premi\u00e8re capitale de l&rsquo;Etat ind\u00e9pendant du Congo, situ\u00e9e \u00e0 environ 120 Km de Matadi, Chef-lieu de la province du Kongo Central, vit la peur au ventre depuis la nuit du 14 au 15 juin 2016. A l&rsquo;origine : l&rsquo;\u00e9vasion de 26 d\u00e9tenus parmi lesquels 19 condamn\u00e9s \u00e0 des peines allant de 10 ans et plus de la prison centrale de Boma.<\/p>\n<p style=\"text-align: justify;\">Selon plusieurs sources, ces fugitifs \u00e0 la base de la panique qui r\u00e8gne d\u00e9sormais dans plusieurs familles de cette ville ont simplement profit\u00e9 de l&rsquo;\u00e9tat de d\u00e9labrement tr\u00e8s avanc\u00e9 du mur de derri\u00e8re servant de cl\u00f4ture \u00e0 ce centre p\u00e9nitencier construit depuis l&rsquo;\u00e9poque coloniale pour trouer ledit mur avec facilit\u00e9 avant de s&rsquo;\u00e9vanouir dans la nature.<\/p>\n<p style=\"text-align: justify;\">Dans cette \u00e9vasion, l&rsquo;un des d\u00e9tenus en cavale a \u00e9t\u00e9 touch\u00e9 par une balle tir\u00e9e \u00e0 bout portant par un des policiers de garde de cette prison qui les pourchassait.<\/p>\n<p style=\"text-align: justify;\">Ce prisonnier bless\u00e9 a \u00e9t\u00e9 achemin\u00e9 \u00e0 l&rsquo;H\u00f4pital G\u00e9n\u00e9ral de R\u00e9f\u00e9rence de Boma o\u00f9 il a \u00e9t\u00e9 admis pour des soins appropri\u00e9s. Quelques autorit\u00e9s urbaines de Boma qui lui ont rendu visite ont d\u00e9clar\u00e9 \u00e0 la presse que sa vie n&rsquo;est plus en danger.<\/p>\n<p style=\"text-align: justify;\">Inform\u00e9e, Anne-Marie Tsasa, Ministre provincial en charge de la Justice et Droits humains, a fait le d\u00e9placement de Boma pour se rendre personnellement compte de la situation. Arriv\u00e9e sur place, elle n&rsquo;a pas connu de repos.<\/p>\n<p style=\"text-align: justify;\">Elle s&rsquo;est directement entretenue avec Busa Busa Yalala, le Directeur de cette prison, qui lui a expliqu\u00e9 en d\u00e9tails les circonstances de l&rsquo;\u00e9vasion de ces 26 d\u00e9tenus. Selon lui, les instances nationales, en leur qualit\u00e9 des premi\u00e8res gestionnaires de toutes les prisons du pays, ont d\u00e9j\u00e0 \u00e9t\u00e9 pr\u00e9venues maintes fois \u00e0 travers des correspondances sur l&rsquo;\u00e9tat de d\u00e9labrement de la prison centrale de Boma, mais aucune suite favorable ne lui a \u00e9t\u00e9 donn\u00e9e jusqu&rsquo;\u00e0 ce jour.<\/p>\n<p style=\"text-align: justify;\">C&rsquo;est ce qui, selon lui, serait \u00e0 la base des \u00e9vasions \u00e0 r\u00e9p\u00e9tition dans cette prison centrale. Car, cette \u00e9vasion est la deuxi\u00e8me du genre que conna\u00eet la ville de Boma en l&rsquo;espace d&rsquo;un mois. La premi\u00e8re a lieu au mois de mai dernier avec 13 \u00e9vad\u00e9s. Ce qui ne manque pas d&rsquo;exacerber la col\u00e8re de la soci\u00e9t\u00e9 civile locale qui est mont\u00e9e sur ses chevaux.<\/p>\n<p style=\"text-align: justify;\">Pour mettre un terme \u00e0 ce fl\u00e9au, la ministre provinciale de la Justice sollicite l&rsquo;intervention urgente des autorit\u00e9s tant provinciales que nationales pour la r\u00e9habilitation des murs servant de cl\u00f4ture de cette prison dont une partie est couverte des b\u00e2ches.<\/p>\n<p style=\"text-align: justify;\">L&rsquo;ins\u00e9curit\u00e9 caus\u00e9e par ces \u00e9vad\u00e9s battrait toujours le plein dans la ville de Boma o\u00f9 il ne se passe plus des jours sans qu&rsquo;une famille ne soit visit\u00e9e par des bandits armes.<\/p>\n<p style=\"text-align: justify;\">Par Dieudonn\u00e9 Muaka Dimbi<\/p>\n","protected":false},"excerpt":{"rendered":"<p>La population de la ville de Boma, la toute premi\u00e8re capitale de l&rsquo;Etat ind\u00e9pendant du Congo, situ\u00e9e \u00e0 environ 120 Km de Matadi, Chef-lieu de la province du Kongo Central, vit la peur au ventre depuis la nuit du 14 au 15 juin 2016. A l&rsquo;origine : l&rsquo;\u00e9vasion de 26 d\u00e9tenus parmi lesquels 19 condamn\u00e9s [&hellip;]<\/p>\n","protected":false},"author":1,"featured_media":1466,"comment_status":"open","ping_status":"open","sticky":false,"template":"","format":"standard","meta":{"footnotes":""},"categories":[136,134,130,5],"tags":[],"class_list":["post-14545","post","type-post","status-publish","format-standard","has-post-thumbnail","hentry","category-a-la-une","category-la-tempete-des-tropiques","category-nation","category-politique"],"_links":{"self":[{"href":"http:\/\/www.latempete.info\/index.php?rest_route=\/wp\/v2\/posts\/14545"}],"collection":[{"href":"http:\/\/www.latempete.info\/index.php?rest_route=\/wp\/v2\/posts"}],"about":[{"href":"http:\/\/www.latempete.info\/index.php?rest_route=\/wp\/v2\/types\/post"}],"author":[{"embeddable":true,"href":"http:\/\/www.latempete.info\/index.php?rest_route=\/wp\/v2\/users\/1"}],"replies":[{"embeddable":true,"href":"http:\/\/www.latempete.info\/index.php?rest_route=%2Fwp%2Fv2%2Fcomments&post=14545"}],"version-history":[{"count":1,"href":"http:\/\/www.latempete.info\/index.php?rest_route=\/wp\/v2\/posts\/14545\/revisions"}],"predecessor-version":[{"id":14546,"href":"http:\/\/www.latempete.info\/index.php?rest_route=\/wp\/v2\/posts\/14545\/revisions\/14546"}],"wp:featuredmedia":[{"embeddable":true,"href":"http:\/\/www.latempete.info\/index.php?rest_route=\/wp\/v2\/media\/1466"}],"wp:attachment":[{"href":"http:\/\/www.latempete.info\/index.php?rest_route=%2Fwp%2Fv2%2Fmedia&parent=14545"}],"wp:term":[{"taxonomy":"category","embeddable":true,"href":"http:\/\/www.latempete.info\/index.php?rest_route=%2Fwp%2Fv2%2Fcategories&post=14545"},{"taxonomy":"post_tag","embeddable":true,"href":"http:\/\/www.latempete.info\/index.php?rest_route=%2Fwp%2Fv2%2Ftags&post=14545"}],"curies":[{"name":"wp","href":"https:\/\/api.w.org\/{rel}","templated":true}]}}