{"id":14547,"date":"2016-06-17T08:25:13","date_gmt":"2016-06-17T08:25:13","guid":{"rendered":"http:\/\/www.latempete.info\/?p=14547"},"modified":"2016-06-17T08:25:13","modified_gmt":"2016-06-17T08:25:13","slug":"hier-avant-le-depart-du-facilitateur-pour-bruxelles-les-groupes-parlementaires-chez-kodjo","status":"publish","type":"post","link":"http:\/\/www.latempete.info\/?p=14547","title":{"rendered":"Hier avant le d\u00e9part du facilitateur pour Bruxelles : Les groupes parlementaires chez Kodjo"},"content":{"rendered":"<p style=\"text-align: justify;\"><em><strong>Dans le cadre purement institutionnel, le Togolais a consult\u00e9, tour \u00e0 tour, les d\u00e9put\u00e9s nationaux de la MP et de l&rsquo;Opposition dont Ramazani Shadary, Fidel Babala, Mayo, Samy Badibanga, Basile Olongo, Toussaint Alonga\u2026 qui ont \u00e9t\u00e9 aper\u00e7us au bureau de l&rsquo;Union africaine<\/strong><\/em><\/p>\n<p style=\"text-align: justify;\">Le facilitateur togolais Edem Kodjo a de nouveau consult\u00e9, hier jeudi 16 juin 2016, au bureau de l&rsquo;Union africaine situ\u00e9 en face du cimeti\u00e8re de la Gombe, des groupes parlementaires, des partis et des regroupements politiques, pour un dernier r\u00e9glage concernant le Dialogue en R\u00e9publique d\u00e9mocratique du Congo, avant son d\u00e9part pour Bruxelles o\u00f9 il devra s&rsquo;entretenir avec le Comit\u00e9 des sages mis en place par le Conclave de Genval.<\/p>\n<p style=\"text-align: justify;\">La Majorit\u00e9 pr\u00e9sidentielle (MP) a \u00e9t\u00e9 conduite par Emmanuel Ramazani Shadary, le Mouvement de lib\u00e9ration du Congo (MLC) par Fidel Babala et l&rsquo;Union pour la nation congolaise (UNC) par Baudouin Mayo.<\/p>\n<p style=\"text-align: justify;\">Le groupe parlementaire de l&rsquo;Union pour la d\u00e9mocratie et le progr\u00e8s social (UDPS) et alli\u00e9s n&rsquo;a pas manqu\u00e9 au rendez-vous, pilot\u00e9 par Samy Badibanga. De m\u00eame que le groupe parlementaire du Mouvement social pour le Renouveau (MSR), aile MP, sous la conduite du SG du MSR, Fran\u00e7ois Rugabito, qu&rsquo;accompagnait l&rsquo;ancien ministre de l&rsquo;Agriculture et P\u00eache, Jean Chrysostome Vahamwiti.<\/p>\n<p style=\"text-align: justify;\">De leur c\u00f4t\u00e9, les d\u00e9put\u00e9s nationaux Basile Olongo Pongo et Toussaint Alonga, ont \u00e9t\u00e9 re\u00e7us en dernier par le facilitateur, pour le compte de l&rsquo;Opposition parlementaire.<\/p>\n<p style=\"text-align: justify;\">A la fin de ce ballet politique, Edem Kodjo s&rsquo;est r\u00e9serv\u00e9 de tout commentaire. Il s&rsquo;est dirig\u00e9 droit vers l&rsquo;a\u00e9roport international de N&rsquo;djili pour prendre son avion et rejoindre le sphinx Etienne Tshisekedi. Une derni\u00e8re rencontre sans nul doute dans le cadre du dernier virage pour le Dialogue proprement dit.<\/p>\n<p style=\"text-align: justify;\">A en croire Samy Badibanga, \u00a0\u00bb le facilitateur a souhait\u00e9 recevoir, pour la premi\u00e8re fois, les \u00e9lus du peuple, dans le cadre institutionnel, pour avoir l&rsquo;avis de diff\u00e9rents groupes parlementaires \u00ab\u00a0, a-t-il d\u00e9clar\u00e9 au sortir de l&rsquo;audience.<\/p>\n<p style=\"text-align: justify;\">Samy Badibanga a rappel\u00e9 que son groupe parlementaire est favorable au Dialogue, surtout que l&rsquo;initiative de ce forum avait \u00e9t\u00e9 lanc\u00e9e depuis longtemps par l&rsquo;Union pour la d\u00e9mocratie et le progr\u00e8s social.<\/p>\n<p style=\"text-align: justify;\">Il s&rsquo;est dit attach\u00e9 \u00e0 l&rsquo;id\u00e9e du Dialogue, mais insiste sur les conditions et les pr\u00e9alables pos\u00e9es par les diff\u00e9rentes parties.<\/p>\n<p style=\"text-align: justify;\">Raison pour laquelle il en appelle \u00e0 la sagesse du facilitateur pour rapprocher les points de vue des uns et des autres. \u00a0\u00bb Le principe du dialogue est acquis, mais nous suivons de pr\u00e8s le travail du facilitateur qui voyage ce soir pour rencontrer le pr\u00e9sident de l&rsquo;UDPS en Belgique \u00ab\u00a0, a-t-il conclu.<\/p>\n<p style=\"text-align: justify;\">De son c\u00f4t\u00e9, le SG du MSR\/MP, Fran\u00e7ois Rugabito, a d\u00e9clar\u00e9 que le groupe parlementaire dont il fait partie a rencontr\u00e9 Kodjo pour lui manifester son attachement au principe du Dialogue inclusif convoqu\u00e9 par Joseph Kabila. \u00a0\u00bb Nous avons aussi parl\u00e9 de difficult\u00e9s que rencontre le processus \u00e9lectoral, et nous avons exprim\u00e9 le v\u0153u de voir le Dialogue commencer le plus t\u00f4t possible \u00ab\u00a0, a-t-il dit.<\/p>\n<p style=\"text-align: justify;\">En tant que d\u00e9put\u00e9 \u00e9lu de l&rsquo;Est du pays, Rugabito a souffl\u00e9 \u00e0 Edem Kodjo qu&rsquo;il faudra \u00a0\u00bb qu&rsquo;il fasse un effort pour ne pas \u00eatre contamin\u00e9 par certains acteurs politiques de la R\u00e9publique d\u00e9mocratique du Congo qui a connu 17 guerres, plusieurs conflits et affrontements entre les groupes arm\u00e9s\u2026\u00a0\u00bb. Il a, enfin, demand\u00e9 au Togolais que le dialogue commence.<\/p>\n<p style=\"text-align: justify;\">Apr\u00e8s pr\u00e8s d&rsquo;une heure d&rsquo;entretien avec le facilitateur, Basile Olongo Pongo qu&rsquo;accompagnait Toussaint Alonga, a soutenu, quant \u00e0 lui, qu&rsquo;ils ont \u00e9t\u00e9 re\u00e7us dans le cadre institutionnel, en tant que d\u00e9put\u00e9s nationaux et membres du groupe parlementaire UDPS et Alli\u00e9s. \u00a0\u00bb Si nous avons pris beaucoup de temps, nous voulions que Kodjo nous dise ce qu&rsquo;il entend par \u00a0\u00bb Dialogue \u00ab\u00a0.<\/p>\n<p style=\"text-align: justify;\">Aussi, comment il per\u00e7oit les r\u00e9solutions du Conclave de Bruxelles organis\u00e9 r\u00e9cemment par l&rsquo;Opposition. Basile Olongo a \u00e9galement exig\u00e9 au Togolais de conformer ce forum \u00e0 la R\u00e9solution 2277 du Conseil de s\u00e9curit\u00e9 des Nations Unies pour le respect du d\u00e9lai constitutionnel quant \u00e0 l&rsquo;organisation de la pr\u00e9sidentielle. Ce, a-t-il conclu, afin que les choses se passent normalement, pour l&rsquo;int\u00e9r\u00eat du Congo.<\/p>\n<p style=\"text-align: justify;\">En ce qui est de la lib\u00e9ration des prisonniers politiques dont Eug\u00e8ne Diomi Ndongala, Christopher Ngoy\u2026, \u00a0\u00bb Ndeko Basile \u00a0\u00bb a soulign\u00e9 que cette question a \u00e9galement \u00e9t\u00e9 abord\u00e9e avec Edem Kodjo, car elle constitue l&rsquo;une des conditions de l&rsquo;UDPS pour sa participation \u00e0 ce Dialogue. Car, \u00a0\u00bb tout doit se faire dans un bon climat \u00ab\u00a0.<\/p>\n<p style=\"text-align: justify;\">Par Lefils M. &amp; God\u00e9 K.<\/p>\n","protected":false},"excerpt":{"rendered":"<p>Dans le cadre purement institutionnel, le Togolais a consult\u00e9, tour \u00e0 tour, les d\u00e9put\u00e9s nationaux de la MP et de l&rsquo;Opposition dont Ramazani Shadary, Fidel Babala, Mayo, Samy Badibanga, Basile Olongo, Toussaint Alonga\u2026 qui ont \u00e9t\u00e9 aper\u00e7us au bureau de l&rsquo;Union africaine Le facilitateur togolais Edem Kodjo a de nouveau consult\u00e9, hier jeudi 16 juin [&hellip;]<\/p>\n","protected":false},"author":1,"featured_media":13746,"comment_status":"open","ping_status":"open","sticky":false,"template":"","format":"standard","meta":{"footnotes":""},"categories":[136,134,130,5],"tags":[],"class_list":["post-14547","post","type-post","status-publish","format-standard","has-post-thumbnail","hentry","category-a-la-une","category-la-tempete-des-tropiques","category-nation","category-politique"],"_links":{"self":[{"href":"http:\/\/www.latempete.info\/index.php?rest_route=\/wp\/v2\/posts\/14547"}],"collection":[{"href":"http:\/\/www.latempete.info\/index.php?rest_route=\/wp\/v2\/posts"}],"about":[{"href":"http:\/\/www.latempete.info\/index.php?rest_route=\/wp\/v2\/types\/post"}],"author":[{"embeddable":true,"href":"http:\/\/www.latempete.info\/index.php?rest_route=\/wp\/v2\/users\/1"}],"replies":[{"embeddable":true,"href":"http:\/\/www.latempete.info\/index.php?rest_route=%2Fwp%2Fv2%2Fcomments&post=14547"}],"version-history":[{"count":1,"href":"http:\/\/www.latempete.info\/index.php?rest_route=\/wp\/v2\/posts\/14547\/revisions"}],"predecessor-version":[{"id":14548,"href":"http:\/\/www.latempete.info\/index.php?rest_route=\/wp\/v2\/posts\/14547\/revisions\/14548"}],"wp:featuredmedia":[{"embeddable":true,"href":"http:\/\/www.latempete.info\/index.php?rest_route=\/wp\/v2\/media\/13746"}],"wp:attachment":[{"href":"http:\/\/www.latempete.info\/index.php?rest_route=%2Fwp%2Fv2%2Fmedia&parent=14547"}],"wp:term":[{"taxonomy":"category","embeddable":true,"href":"http:\/\/www.latempete.info\/index.php?rest_route=%2Fwp%2Fv2%2Fcategories&post=14547"},{"taxonomy":"post_tag","embeddable":true,"href":"http:\/\/www.latempete.info\/index.php?rest_route=%2Fwp%2Fv2%2Ftags&post=14547"}],"curies":[{"name":"wp","href":"https:\/\/api.w.org\/{rel}","templated":true}]}}