{"id":14552,"date":"2016-06-17T08:33:05","date_gmt":"2016-06-17T08:33:05","guid":{"rendered":"http:\/\/www.latempete.info\/?p=14552"},"modified":"2016-06-17T08:33:05","modified_gmt":"2016-06-17T08:33:05","slug":"ancienne-residence-de-mobutu-situee-en-suisse-le-domaine-de-savigny-brade-a-55-millions-deuros","status":"publish","type":"post","link":"http:\/\/www.latempete.info\/?p=14552","title":{"rendered":"Ancienne r\u00e9sidence de Mobutu situ\u00e9e en Suisse : Le domaine de Savigny brad\u00e9 \u00e0 5,5 millions d&rsquo;euros"},"content":{"rendered":"<p style=\"text-align: justify;\"><em><strong>Initialement estim\u00e9e \u00e0 plus de 16,5 millions d&rsquo;euros, cette concession a \u00e9t\u00e9 rachet\u00e9e par la banque helv\u00e9tique UBS<\/strong><\/em><\/p>\n<p style=\"text-align: justify;\">Le domaine de Savigny, ancienne r\u00e9sidence de l&rsquo;ex-Pr\u00e9sident congolais, le Mar\u00e9chal Mobutu, a \u00e9t\u00e9 vendu aux ench\u00e8res, le 15 juin dernier dans la salle de vente de Cully, pour plus de 5,5 millions d&rsquo;euros. Initialement estim\u00e9e \u00e0 plus de 16,5 millions d&rsquo;euros, cette concession a \u00e9t\u00e9 sous-\u00e9valu\u00e9e, selon les sp\u00e9cialistes.<\/p>\n<p style=\"text-align: justify;\">Selon les sources, ils \u00e9taient une vingtaine dans la salle de vente de Cully, \u00e0 l&rsquo;ouest de la Suisse, quand est venu \u00e0 l&rsquo;ordre du jour la demeure de l&rsquo;ancien pr\u00e9sident congolais Mobutu Sese Seko \u00e0 Savigny.<\/p>\n<p style=\"text-align: justify;\">L&rsquo;Office des poursuites du district de Lavaux-Oron, qui organisait cette vente, a d\u00e9crit un domaine \u00ab\u00a0grandiose\u00a0\u00bb, finalement remport\u00e9 par le seul \u00e0 avoir fait une offre. Il s&rsquo;agit de la banque UBS, qui a scell\u00e9 la transaction pour 5,5 millions d&rsquo;euros en moins de 30 minutes, ont relev\u00e9 certains m\u00e9dias suisses.<\/p>\n<p style=\"text-align: justify;\"><strong>Transaction d\u00e9cevante pour les propri\u00e9taires<\/strong><\/p>\n<p style=\"text-align: justify;\">\u00ab\u00a0La demeure principale \u00e9rig\u00e9e en maison de ma\u00eetre comporte un vaste living avec rev\u00eatement de bois massif, le salon est lumineux et une imposante chemin\u00e9e en pierre de marbre orne l&rsquo;entier d&rsquo;un pan de mur de la pi\u00e8ce\u00a0\u00bb, selon les pr\u00e9cisions de la description de cet ancien bien de Mobutu.<\/p>\n<p style=\"text-align: justify;\">Une autre pr\u00e9cision, \u00ab\u00a0cette luxueuse propri\u00e9t\u00e9 b\u00e9n\u00e9ficie d&rsquo;une situation exceptionnelle et privative\u00a0\u00bb, mais aussi de jardins qui \u00ab\u00a0conf\u00e8rent \u00e0 l&rsquo;ensemble une atmosph\u00e8re tr\u00e8s Versailles\u00a0\u00bb. Ce qui correspondait au go\u00fbt du luxe et de la d\u00e9mesure de Mobutu.<\/p>\n<p style=\"text-align: justify;\">Situ\u00e9e dans les hauteurs de Lausanne, la villa et le domaine avaient \u00e9t\u00e9 vendus une premi\u00e8re fois apr\u00e8s le d\u00e9c\u00e8s de Mobutu au Maroc en 1997.<\/p>\n<p style=\"text-align: justify;\">Puis ils avaient \u00e9t\u00e9 rachet\u00e9s en 2001 par un couple pour environ 2,8 millions d&rsquo;euros, une bouch\u00e9e de pain, avant d&rsquo;\u00eatre r\u00e9nov\u00e9s pour plusieurs millions d&rsquo;euros. Mais les copropri\u00e9taires, divorc\u00e9s depuis des ann\u00e9es, \u00e9taient cod\u00e9biteurs d&rsquo;arri\u00e9r\u00e9s d&rsquo;un montant de 6 millions de francs suisse d&rsquo;hypoth\u00e8ques, en particulier envers l&rsquo;UBS, d&rsquo;o\u00f9 la proc\u00e9dure de vente aux ench\u00e8res. D&rsquo;un montant s\u00fbrement tr\u00e8s d\u00e9cevant pour les anciens propri\u00e9taires.<\/p>\n<p style=\"text-align: justify;\">Par Lucien Kazadi T.<\/p>\n","protected":false},"excerpt":{"rendered":"<p>Initialement estim\u00e9e \u00e0 plus de 16,5 millions d&rsquo;euros, cette concession a \u00e9t\u00e9 rachet\u00e9e par la banque helv\u00e9tique UBS Le domaine de Savigny, ancienne r\u00e9sidence de l&rsquo;ex-Pr\u00e9sident congolais, le Mar\u00e9chal Mobutu, a \u00e9t\u00e9 vendu aux ench\u00e8res, le 15 juin dernier dans la salle de vente de Cully, pour plus de 5,5 millions d&rsquo;euros. Initialement estim\u00e9e \u00e0 [&hellip;]<\/p>\n","protected":false},"author":1,"featured_media":0,"comment_status":"open","ping_status":"open","sticky":false,"template":"","format":"standard","meta":{"footnotes":""},"categories":[134,130,5],"tags":[],"class_list":["post-14552","post","type-post","status-publish","format-standard","hentry","category-la-tempete-des-tropiques","category-nation","category-politique"],"_links":{"self":[{"href":"http:\/\/www.latempete.info\/index.php?rest_route=\/wp\/v2\/posts\/14552"}],"collection":[{"href":"http:\/\/www.latempete.info\/index.php?rest_route=\/wp\/v2\/posts"}],"about":[{"href":"http:\/\/www.latempete.info\/index.php?rest_route=\/wp\/v2\/types\/post"}],"author":[{"embeddable":true,"href":"http:\/\/www.latempete.info\/index.php?rest_route=\/wp\/v2\/users\/1"}],"replies":[{"embeddable":true,"href":"http:\/\/www.latempete.info\/index.php?rest_route=%2Fwp%2Fv2%2Fcomments&post=14552"}],"version-history":[{"count":1,"href":"http:\/\/www.latempete.info\/index.php?rest_route=\/wp\/v2\/posts\/14552\/revisions"}],"predecessor-version":[{"id":14553,"href":"http:\/\/www.latempete.info\/index.php?rest_route=\/wp\/v2\/posts\/14552\/revisions\/14553"}],"wp:attachment":[{"href":"http:\/\/www.latempete.info\/index.php?rest_route=%2Fwp%2Fv2%2Fmedia&parent=14552"}],"wp:term":[{"taxonomy":"category","embeddable":true,"href":"http:\/\/www.latempete.info\/index.php?rest_route=%2Fwp%2Fv2%2Fcategories&post=14552"},{"taxonomy":"post_tag","embeddable":true,"href":"http:\/\/www.latempete.info\/index.php?rest_route=%2Fwp%2Fv2%2Ftags&post=14552"}],"curies":[{"name":"wp","href":"https:\/\/api.w.org\/{rel}","templated":true}]}}