{"id":14726,"date":"2016-07-01T07:48:55","date_gmt":"2016-07-01T07:48:55","guid":{"rendered":"http:\/\/www.latempete.info\/?p=14726"},"modified":"2016-07-01T07:48:55","modified_gmt":"2016-07-01T07:48:55","slug":"dans-son-adresse-a-la-nation-le-30-juin-2016-a-kindu-kabila-continue-a-egratigner-la-communaute-internationale","status":"publish","type":"post","link":"http:\/\/www.latempete.info\/?p=14726","title":{"rendered":"Dans son adresse \u00e0 la nation le 30 juin 2016 \u00e0 Kindu : Kabila continue \u00e0 \u00e9gratigner la communaut\u00e9 internationale"},"content":{"rendered":"<p style=\"text-align: justify;\">Joseph Kabila n&rsquo;a pas d\u00e9rog\u00e9 \u00e0 la tradition en pronon\u00e7ant son discours destin\u00e9 \u00e0 la nation congolaise, la veille de la date historique du 30 juin, le mercredi 29 juin \u00e0 Kindu, dans la capitale de la province du Maniema qui a re\u00e7u pour la circonstance les institutions dirigeantes du pays avec en t\u00eate le chef de l&rsquo;Etat Joseph Kabila.<\/p>\n<p style=\"text-align: justify;\">Tout en reconnaissant que la RDCongo, 56ans apr\u00e8s son ind\u00e9pendance, a engag\u00e9 un processus de construction d&rsquo;une nation forte constamment ballot\u00e9 par des forces centrifuges ayant comme objectif principal la division du pays, Kabila ne partage pas l&rsquo;avis de ceux qui pensent que le 30 juin 1960 n&rsquo;aura \u00e9t\u00e9 qu&rsquo;une date comme toutes les autres, sans signification profonde. Bref, un vieux, et un lointain souvenir rapidement effac\u00e9 de la m\u00e9moire collective.<\/p>\n<p style=\"text-align: justify;\">Si Kabila trouve comme t\u00e9moignage devant corroborer cette pens\u00e9e, les ing\u00e9rences \u00e9trang\u00e8res intempestives et illicites dans les affaires de politique int\u00e9rieure de la RDC, le peuple congolais voit, pour sa part, la d\u00e9gradation continue de sa condition sociale en contradiction avec le bonheur promis et tant attendu que devrait engendrer l&rsquo;ind\u00e9pendance nationale.<\/p>\n<p style=\"text-align: justify;\">Pour Kabila, c\u00e9l\u00e9brer l&rsquo;anniversaire c&rsquo;est rappeler que la RDC est un Etat souverain dispos\u00e9 \u00e0 nouer des partenariats constructifs et mutuellement avantageux avec tous les autres Etats dans le respect de leurs peuples respectifs. Dans ce sens, \u00a0\u00bb le cr\u00e9do de notre lutte demeure le respect du droit de notre peuple \u00e0 s&rsquo;autod\u00e9terminer, conform\u00e9ment \u00e0 l&rsquo;int\u00e9r\u00eat g\u00e9n\u00e9ral \u00ab\u00a0, a-t-il dit.<\/p>\n<p style=\"text-align: justify;\"><em><strong>Promouvoir le dialogue<\/strong><\/em><\/p>\n<p style=\"text-align: justify;\">Dans son discours, le pr\u00e9sident Kabila n&rsquo;a pas manqu\u00e9 d&rsquo;aborder les points saillants qui dominent la vie politique congolaise.\u00a0C&rsquo;est le cas de la tenue du dialogue qu&rsquo;il a convoqu\u00e9, il y a 6 mois, en vue de garantir un processus \u00e9lectoral inclusif, cr\u00e9dible et apais\u00e9.<\/p>\n<p style=\"text-align: justify;\">Il se d\u00e9gage pour ce faire l&rsquo;imp\u00e9rieuse n\u00e9cessit\u00e9 d&rsquo;engager la classe politique \u00e0 conjurer les contestations intempestives des calendriers publi\u00e9s g\u00e9n\u00e9ralement sous des pressions diverses et celles d&rsquo;un fichier \u00e9lectoral peu fiable et non inclusif. C&rsquo;est ce qui justifie ce cadre (le dialogue) afin d&rsquo;\u00e9viter la r\u00e9it\u00e9ration des contestations des listes et des r\u00e9sultats \u00e9lectoraux, base matricielle des violences pr\u00e9 et post\u00e9lectorales.<\/p>\n<p style=\"text-align: justify;\">L&rsquo;option du dialogue est d\u00e8s lors irr\u00e9versible. Aussi, Joseph Kabila encourage la facilitation Kodjo \u00e0 finaliser ses consultations en vue de l&rsquo;ouverture rapide du forum. Un consensus politique sur des questions pr\u00e9cit\u00e9es est de plus souhait\u00e9 pour Kabila.<\/p>\n<p style=\"text-align: justify;\">Ce dernier n&rsquo;a pas manqu\u00e9 de saluer les efforts fournis par la Ceni, tout en reconnaissant que le dialogue n&rsquo;est pas une fin en soi. Ces efforts, selon le pr\u00e9sident, sont en rapport avec les pr\u00e9paratifs des futures \u00e9lections \u00e0 travers notamment la r\u00e9vision du fichier \u00e9lectoral.<\/p>\n<p style=\"text-align: justify;\">Joseph Kabila a en outre \u00e9voqu\u00e9 d&rsquo;autres questions relatives \u00e0 la jeunesse. Cette derni\u00e8re devrait \u00eatre assur\u00e9e que ses pr\u00e9occupations demeurent au c\u0153ur de son action.<\/p>\n<p style=\"text-align: justify;\">Il a, par cons\u00e9quent, instruit le gouvernement \u00e0 \u0153uvre \u00e0 la mise en place d&rsquo;un fonds sp\u00e9cial de promotion de l&rsquo;entreprenariat et de l&#8217;emploi des jeunes de toutes les cat\u00e9gories socioprofessionnelles en vue d&rsquo;un traitement plus structurel des probl\u00e8mes de ch\u00f4mage des jeunes.<\/p>\n<p style=\"text-align: justify;\">Kabila n&rsquo;a pas omis de placer un mot sur la menace qui p\u00e8se sur l&rsquo;int\u00e9grit\u00e9 du territoire national, la stabilit\u00e9 des institutions et la coh\u00e9sion nationale. \u00a0\u00bb Il nous faut, conclut-il, envers et contre tout, \u0153uvrer de mani\u00e8re inlassable, en faveur de la paix et de la s\u00e9curit\u00e9 de notre pays et faire face aux actes terroristes qui nous sont impos\u00e9s \u00ab\u00a0.<\/p>\n<p style=\"text-align: justify;\">Quant \u00e0 la situation \u00e9conomique que traverse le pays, elle est pr\u00e9occupante, a dit le pr\u00e9sident. Cela, suite principalement au choc exog\u00e8ne d\u00e9coulant de la baisse continue des cours des mati\u00e8res premi\u00e8res d&rsquo;exportation qui affecte plusieurs pays producteurs, \u00e0 travers l&rsquo;Afrique et dans le monde.<\/p>\n<p style=\"text-align: justify;\">\u00a0\u00bb J&rsquo;aime autant vous assurer que l&rsquo;am\u00e9lioration de nos conditions de vie demeure au centre de nos pr\u00e9occupations quotidiennes \u00ab\u00a0, a encore soutenu le chef de l&rsquo;Etat qui note, pour terminer, que \u00a0\u00bb c&rsquo;est par le peuple congolais et en RDC que dans la paix, les nouvelles pages de l&rsquo;histoire seront \u00e9crites \u00ab\u00a0.<\/p>\n<p style=\"text-align: justify;\">Par G.O<\/p>\n","protected":false},"excerpt":{"rendered":"<p>Joseph Kabila n&rsquo;a pas d\u00e9rog\u00e9 \u00e0 la tradition en pronon\u00e7ant son discours destin\u00e9 \u00e0 la nation congolaise, la veille de la date historique du 30 juin, le mercredi 29 juin \u00e0 Kindu, dans la capitale de la province du Maniema qui a re\u00e7u pour la circonstance les institutions dirigeantes du pays avec en t\u00eate le [&hellip;]<\/p>\n","protected":false},"author":1,"featured_media":1132,"comment_status":"open","ping_status":"open","sticky":false,"template":"","format":"standard","meta":{"footnotes":""},"categories":[136,134,130,5],"tags":[],"class_list":["post-14726","post","type-post","status-publish","format-standard","has-post-thumbnail","hentry","category-a-la-une","category-la-tempete-des-tropiques","category-nation","category-politique"],"_links":{"self":[{"href":"http:\/\/www.latempete.info\/index.php?rest_route=\/wp\/v2\/posts\/14726"}],"collection":[{"href":"http:\/\/www.latempete.info\/index.php?rest_route=\/wp\/v2\/posts"}],"about":[{"href":"http:\/\/www.latempete.info\/index.php?rest_route=\/wp\/v2\/types\/post"}],"author":[{"embeddable":true,"href":"http:\/\/www.latempete.info\/index.php?rest_route=\/wp\/v2\/users\/1"}],"replies":[{"embeddable":true,"href":"http:\/\/www.latempete.info\/index.php?rest_route=%2Fwp%2Fv2%2Fcomments&post=14726"}],"version-history":[{"count":1,"href":"http:\/\/www.latempete.info\/index.php?rest_route=\/wp\/v2\/posts\/14726\/revisions"}],"predecessor-version":[{"id":14727,"href":"http:\/\/www.latempete.info\/index.php?rest_route=\/wp\/v2\/posts\/14726\/revisions\/14727"}],"wp:featuredmedia":[{"embeddable":true,"href":"http:\/\/www.latempete.info\/index.php?rest_route=\/wp\/v2\/media\/1132"}],"wp:attachment":[{"href":"http:\/\/www.latempete.info\/index.php?rest_route=%2Fwp%2Fv2%2Fmedia&parent=14726"}],"wp:term":[{"taxonomy":"category","embeddable":true,"href":"http:\/\/www.latempete.info\/index.php?rest_route=%2Fwp%2Fv2%2Fcategories&post=14726"},{"taxonomy":"post_tag","embeddable":true,"href":"http:\/\/www.latempete.info\/index.php?rest_route=%2Fwp%2Fv2%2Ftags&post=14726"}],"curies":[{"name":"wp","href":"https:\/\/api.w.org\/{rel}","templated":true}]}}