{"id":14747,"date":"2016-07-04T08:28:27","date_gmt":"2016-07-04T08:28:27","guid":{"rendered":"http:\/\/www.latempete.info\/?p=14747"},"modified":"2016-07-04T08:28:27","modified_gmt":"2016-07-04T08:28:27","slug":"ituri-retour-au-calme-apres-le-soulevement-des-habitants-de-kafe","status":"publish","type":"post","link":"http:\/\/www.latempete.info\/?p=14747","title":{"rendered":"Ituri: retour au calme apr\u00e8s le soul\u00e8vement des habitants de Kafe"},"content":{"rendered":"<p style=\"text-align: justify;\">Depuis hier dimanche dans la matin\u00e9e, les activit\u00e9s ont repris dans la localit\u00e9. Commerces et \u00e9glises fonctionnent normalement.Selon l&rsquo;administrateur du territoire, Idriss Koma Kokodila, l&rsquo;ordre a \u00e9t\u00e9 r\u00e9tabli apr\u00e8s l&rsquo;intervention des militaires qui auraient calm\u00e9 les manifestants.<\/p>\n<p style=\"text-align: justify;\">Il indique que la pr\u00e9sence des militaires a permis que les obs\u00e8ques du jeune Ngabu T\u00e9lesphore se d\u00e9roulent sans incident. Le d\u00e9c\u00e8s du jeune homme dans un cachot de la police a \u00e9t\u00e9 \u00e0 l&rsquo;origine du soul\u00e8vement des habitants de Kafe. Le coordonnateur provincial de la protection civile en Ituri, Elys\u00e9 Mbula confirme la lib\u00e9ration de trois femmes de policiers et leurs d\u00e9pendants pris en otage samedi par la foule en col\u00e8re.<\/p>\n<p style=\"text-align: justify;\">L&rsquo;auditeur militaire de garnison dit avoir ouvert une enqu\u00eate sur le mauvais traitement qu&rsquo;aurait subi le jeune Ngabu lors de sa d\u00e9tention au cachot de la police. La m\u00eame source r\u00e9v\u00e8le que tous les policiers de la localit\u00e9 sont actuellement en fuite vers Tchomia, un village voisin.<\/p>\n<p style=\"text-align: justify;\">Des habitants de Kafe en col\u00e8re apr\u00e8s la mort d&rsquo;un jeune de la localit\u00e9 ont incendi\u00e9 les bureaux de plusieurs services de s\u00e9curit\u00e9. Neuf habitations appartenant aux policiers et une boutique ont \u00e9galement \u00e9t\u00e9 saccag\u00e9s.<br \/>\nR.O\/TDT<\/p>\n","protected":false},"excerpt":{"rendered":"<p>Depuis hier dimanche dans la matin\u00e9e, les activit\u00e9s ont repris dans la localit\u00e9. Commerces et \u00e9glises fonctionnent normalement.Selon l&rsquo;administrateur du territoire, Idriss Koma Kokodila, l&rsquo;ordre a \u00e9t\u00e9 r\u00e9tabli apr\u00e8s l&rsquo;intervention des militaires qui auraient calm\u00e9 les manifestants. Il indique que la pr\u00e9sence des militaires a permis que les obs\u00e8ques du jeune Ngabu T\u00e9lesphore se d\u00e9roulent [&hellip;]<\/p>\n","protected":false},"author":1,"featured_media":1411,"comment_status":"open","ping_status":"open","sticky":false,"template":"","format":"standard","meta":{"footnotes":""},"categories":[136,134,130,5],"tags":[],"class_list":["post-14747","post","type-post","status-publish","format-standard","has-post-thumbnail","hentry","category-a-la-une","category-la-tempete-des-tropiques","category-nation","category-politique"],"_links":{"self":[{"href":"http:\/\/www.latempete.info\/index.php?rest_route=\/wp\/v2\/posts\/14747"}],"collection":[{"href":"http:\/\/www.latempete.info\/index.php?rest_route=\/wp\/v2\/posts"}],"about":[{"href":"http:\/\/www.latempete.info\/index.php?rest_route=\/wp\/v2\/types\/post"}],"author":[{"embeddable":true,"href":"http:\/\/www.latempete.info\/index.php?rest_route=\/wp\/v2\/users\/1"}],"replies":[{"embeddable":true,"href":"http:\/\/www.latempete.info\/index.php?rest_route=%2Fwp%2Fv2%2Fcomments&post=14747"}],"version-history":[{"count":1,"href":"http:\/\/www.latempete.info\/index.php?rest_route=\/wp\/v2\/posts\/14747\/revisions"}],"predecessor-version":[{"id":14748,"href":"http:\/\/www.latempete.info\/index.php?rest_route=\/wp\/v2\/posts\/14747\/revisions\/14748"}],"wp:featuredmedia":[{"embeddable":true,"href":"http:\/\/www.latempete.info\/index.php?rest_route=\/wp\/v2\/media\/1411"}],"wp:attachment":[{"href":"http:\/\/www.latempete.info\/index.php?rest_route=%2Fwp%2Fv2%2Fmedia&parent=14747"}],"wp:term":[{"taxonomy":"category","embeddable":true,"href":"http:\/\/www.latempete.info\/index.php?rest_route=%2Fwp%2Fv2%2Fcategories&post=14747"},{"taxonomy":"post_tag","embeddable":true,"href":"http:\/\/www.latempete.info\/index.php?rest_route=%2Fwp%2Fv2%2Ftags&post=14747"}],"curies":[{"name":"wp","href":"https:\/\/api.w.org\/{rel}","templated":true}]}}