{"id":15274,"date":"2016-08-09T10:05:37","date_gmt":"2016-08-09T10:05:37","guid":{"rendered":"http:\/\/www.latempete.info\/?p=15274"},"modified":"2016-08-09T10:05:37","modified_gmt":"2016-08-09T10:05:37","slug":"deputes-nationaux-inapercus-malgre-vacances-parlementaires","status":"publish","type":"post","link":"http:\/\/www.latempete.info\/?p=15274","title":{"rendered":"Les d\u00e9put\u00e9s nationaux inaper\u00e7us malgr\u00e9 les vacances parlementaires"},"content":{"rendered":"<p style=\"text-align: justify;\">C&rsquo;est \u00e0 la date du 15 septembre prochain que les d\u00e9put\u00e9s nationaux vont retrouver l&rsquo;h\u00e9micycle de palais du peuple, apr\u00e8s trois mois de vacances parlementaires. Il ne reste quasiment plus qu&rsquo;un mois et quelques jours pour la rentr\u00e9e de nouvelle session parlementaire.<\/p>\n<p style=\"text-align: justify;\">Les d\u00e9put\u00e9s \u00e9taient cens\u00e9s profiter de leurs trois mois de vacances pour communier avec leur base. Mais plusieurs \u00e9lus du peuple n&rsquo;ont pas \u00e9t\u00e9 vus sur le terrain, particuli\u00e8rement dans la ville-province de Kinshasa.<\/p>\n<p style=\"text-align: justify;\">Cons\u00e9quence, les difficult\u00e9s et les besoins r\u00e9els des \u00e9lecteurs de Kinshasa ne trouveront pas d&rsquo;interlocuteurs devant l&rsquo;Assembl\u00e9e nationale. Ignorants des vrais probl\u00e8mes de la base, les repr\u00e9sentants du peuple \u00e9prouveront toujours des difficult\u00e9s dans l&rsquo;accomplissement de leur mission.<\/p>\n<p style=\"text-align: justify;\">Selon le constat fait, pendant les vacances parlementaires, peu de d\u00e9put\u00e9s nationaux vont \u00e0 la rencontre de leurs \u00e9lecteurs. Ceux qui ne le font pas, vont \u00e0 l&rsquo;\u00e9tranger y passer des vacances de r\u00eave, loin de leurs \u00e9lecteurs, oubliant toutes les promesses faites lors de leur campagne \u00e9lectorale.<\/p>\n<p style=\"text-align: justify;\">Ainsi, au cours des cinq ann\u00e9es de l\u00e9gislature pass\u00e9es au sein du Palais du peuple, beaucoup manquent de mati\u00e8re pouvant soulever des d\u00e9bats capables d&rsquo;amener les gestionnaires de la chose publique \u00e0 revoir leur politique.<\/p>\n<p style=\"text-align: justify;\">Dans un tel contexte, la situation sera toujours aux d\u00e9savantages de la population qui, en r\u00e9alit\u00e9, n&rsquo;aura plus assez de porte-paroles pouvant d\u00e9fendre ses int\u00e9r\u00eats au sein de cette institution parlementaire.<\/p>\n<p style=\"text-align: justify;\">Des sanctions s\u00e9v\u00e8res<\/p>\n<p style=\"text-align: justify;\">En 2006, la population congolaise \u00e9tait all\u00e9e aux urnes pour \u00e9lire ses repr\u00e9sentants, notamment les d\u00e9put\u00e9s nationaux, en exp\u00e9rimentant ses premi\u00e8res \u00e9lections d\u00e9mocratiques apr\u00e8s plusieurs d\u00e9cennies.<\/p>\n<p style=\"text-align: justify;\">Cet exercice a donn\u00e9 la chance \u00e0 certaines personnes d&rsquo;\u00eatre \u00e9lues suite \u00e0 la notori\u00e9t\u00e9 de leurs partis ou regroupements politiques.<\/p>\n<p style=\"text-align: justify;\">Et ceux qui ont vot\u00e9 \u00e9galement pour la premi\u00e8re fois, ne poss\u00e9daient pas suffisamment de maturit\u00e9 pour op\u00e9rer un choix judicieux.<\/p>\n<p style=\"text-align: justify;\">Les candidats d\u00e9put\u00e9s, novices \u00e9galement, ont \u00e9t\u00e9 choisis sur base de fausses promesses, qui ne relevaient pas de leur comp\u00e9tence.<\/p>\n<p style=\"text-align: justify;\">Malheureusement les personnes \u00e9lues ont p\u00e9ch\u00e9 par leur absence sur le terrain. Ne sachant pas communier avec la base, elles ont rompu tout contact avec cette derni\u00e8re.<\/p>\n<p style=\"text-align: justify;\">Plusieurs \u00e9lus nationaux furent exclus de la liste des d\u00e9put\u00e9s nationaux lors de cette l\u00e9gislature en cours. Les \u00e9lections de 2011 ont \u00e9t\u00e9 une v\u00e9ritable sanction pour bon nombre d&rsquo;entre eux. L&rsquo;Assembl\u00e9e nationale a connu un renouvellement dans sa grande majorit\u00e9.<\/p>\n<p style=\"text-align: justify;\">Le souverain primaire avait tout simplement exerc\u00e9 son pouvoir pour retirer sa confiance \u00e0 ceux qui l&rsquo;avaient oubli\u00e9 pendant tout le mandat de 2006.<\/p>\n<p style=\"text-align: justify;\">Par Tantia Sakata<\/p>\n","protected":false},"excerpt":{"rendered":"<p>C&rsquo;est \u00e0 la date du 15 septembre prochain que les d\u00e9put\u00e9s nationaux vont retrouver l&rsquo;h\u00e9micycle de palais du peuple, apr\u00e8s trois mois de vacances parlementaires. Il ne reste quasiment plus qu&rsquo;un mois et quelques jours pour la rentr\u00e9e de nouvelle session parlementaire. Les d\u00e9put\u00e9s \u00e9taient cens\u00e9s profiter de leurs trois mois de vacances pour communier [&hellip;]<\/p>\n","protected":false},"author":1,"featured_media":1325,"comment_status":"open","ping_status":"open","sticky":false,"template":"","format":"standard","meta":{"footnotes":""},"categories":[136,134,130,5],"tags":[],"class_list":["post-15274","post","type-post","status-publish","format-standard","has-post-thumbnail","hentry","category-a-la-une","category-la-tempete-des-tropiques","category-nation","category-politique"],"_links":{"self":[{"href":"http:\/\/www.latempete.info\/index.php?rest_route=\/wp\/v2\/posts\/15274"}],"collection":[{"href":"http:\/\/www.latempete.info\/index.php?rest_route=\/wp\/v2\/posts"}],"about":[{"href":"http:\/\/www.latempete.info\/index.php?rest_route=\/wp\/v2\/types\/post"}],"author":[{"embeddable":true,"href":"http:\/\/www.latempete.info\/index.php?rest_route=\/wp\/v2\/users\/1"}],"replies":[{"embeddable":true,"href":"http:\/\/www.latempete.info\/index.php?rest_route=%2Fwp%2Fv2%2Fcomments&post=15274"}],"version-history":[{"count":1,"href":"http:\/\/www.latempete.info\/index.php?rest_route=\/wp\/v2\/posts\/15274\/revisions"}],"predecessor-version":[{"id":15275,"href":"http:\/\/www.latempete.info\/index.php?rest_route=\/wp\/v2\/posts\/15274\/revisions\/15275"}],"wp:featuredmedia":[{"embeddable":true,"href":"http:\/\/www.latempete.info\/index.php?rest_route=\/wp\/v2\/media\/1325"}],"wp:attachment":[{"href":"http:\/\/www.latempete.info\/index.php?rest_route=%2Fwp%2Fv2%2Fmedia&parent=15274"}],"wp:term":[{"taxonomy":"category","embeddable":true,"href":"http:\/\/www.latempete.info\/index.php?rest_route=%2Fwp%2Fv2%2Fcategories&post=15274"},{"taxonomy":"post_tag","embeddable":true,"href":"http:\/\/www.latempete.info\/index.php?rest_route=%2Fwp%2Fv2%2Ftags&post=15274"}],"curies":[{"name":"wp","href":"https:\/\/api.w.org\/{rel}","templated":true}]}}