{"id":18109,"date":"2016-12-08T09:05:30","date_gmt":"2016-12-08T09:05:30","guid":{"rendered":"http:\/\/www.latempete.info\/?p=18109"},"modified":"2016-12-08T09:05:30","modified_gmt":"2016-12-08T09:05:30","slug":"18109-2","status":"publish","type":"post","link":"http:\/\/www.latempete.info\/?p=18109","title":{"rendered":"Crise totale de confiance \u00e0 Kinshasa \u00e0 la veille du 19 d\u00e9cembre 2016 :De nombreux Etats invitent leurs ressortissants \u00e0 quitter d\u00e9j\u00e0 la RDC !"},"content":{"rendered":"<p style=\"text-align: justify;\"><strong>Pendant ce temps, la liste des entreprises qui refusent d\u2019importer les devises s\u2019allonge<\/strong><\/p>\n<p>Les bonnes nouvelles deviennent rares en R\u00e9publique d\u00e9mocratique du Congo \u00e0 l\u2019approche de la date du 19 d\u00e9cembre 2016. La tension politique ne cesse de grimper alors que le social se porte tr\u00e8s mal.<\/p>\n<p style=\"text-align: justify;\">Malgr\u00e9 ces \u00e9vidences de malheurs, les propagandistes de la Majorit\u00e9 Pr\u00e9sidentielle qui usent et abusent de la radio et de la t\u00e9l\u00e9vision d\u2019Etat continuent \u00e0 soutenir le contraire en affirmant que tout marche comme sur des roulettes en R\u00e9publique d\u00e9mocratique du Congo\u00a0!<\/p>\n<p style=\"text-align: justify;\">Dans plusieurs r\u00e9gions de l\u2019arri\u00e8re-pays, les populations ne cessent de compter leurs morts. Cas des massacres \u00e0 r\u00e9p\u00e9tition dans le territoire de Beni et tout r\u00e9cemment en territoire de Lubero. Cas des troubles avec morts d\u2019hommes dans l\u2019ancien district du Tanganyika au Nord-Katanga. Cas de la contr\u00e9e de Katako-Kombe et tout r\u00e9cemment \u00e0 Tshikapa o\u00f9 des effervescences \u00e0 caract\u00e8re socioculturel ont vite fait de prendre l\u2019allure d\u2019un v\u00e9ritable soul\u00e8vement populaire\u00a0!<\/p>\n<p style=\"text-align: justify;\">Dans les grandes villes du pays, \u00e0 commencer par la capitale Kinshasa, les populations qui vivent d\u00e9j\u00e0 d\u2019exp\u00e9dients ne savent plus o\u00f9 donner de la t\u00eate \u00e0 cause de la hausse vertigineuse de prix des biens et services de consommation courante\u00a0; de la menace de la fi\u00e8vre h\u00e9morragique d\u2019Ebola mais aussi et surtout de l\u2019aggravation de la situation politique au lendemain du dialogue politique commandit\u00e9 et command\u00e9 unilat\u00e9ralement par la Majorit\u00e9 au pouvoir\u00a0!<\/p>\n<p style=\"text-align: justify;\">La situation socio\u00e9conomique d\u00e9l\u00e9t\u00e8re que le pays connait depuis de longs mois est venue renforcer une forme particuli\u00e8re de crise que les Congolais moyens ne ressentaient pas encore. Il s\u2019agit de la crise de confiance qui affecte les dirigeants et les institutions qui, en somme, constituent la puissance publique appel\u00e9e l\u2019Etat.<\/p>\n<p><strong>Ils refusent d\u2019importer les devises\u00a0!<\/strong><\/p>\n<p style=\"text-align: justify;\">Survenant curieusement \u00e0 la veille du 19 d\u00e9cembre 2016, date marquant majestueusement la fin du deuxi\u00e8me et dernier mandat constitutionnel du Pr\u00e9sident de la R\u00e9publique, cette crise de confiance affecte tous les ressorts de l\u2019Etat y compris les rapports de celui-ci avec des pays tiers\u00a0!<\/p>\n<p style=\"text-align: justify;\">Convaincus que l\u2019Etat congolais n\u2019est plus en mesure de garantir la s\u00e9curit\u00e9 des personnes et de leurs biens sur son territoire pour des raisons \u00e9videntes, de nombreux gouvernements qui coop\u00e8rent avec le r\u00e9gime politique de Kinshasa invitent leurs ressortissants \u00e0 quitter la RDC sans attendre leur reste\u00a0! L\u2019heure est donc grave.<\/p>\n<p style=\"text-align: justify;\">Entre-temps, la situation \u00e9conomique s\u2019empire. Le pays a urgemment besoin d\u2019une bouff\u00e9e d\u2019oxyg\u00e8ne &#8211; entendez par l\u00e0 une grande quantit\u00e9 de devises fortes- pour continuer \u00e0 respirer, \u00e0 vivre. Mais que faire pour trouver ces marchandises rares\u00a0?<\/p>\n<p style=\"text-align: justify;\">Les financiers et \u00e9conomistes de la R\u00e9publique ont beau sugg\u00e9r\u00e9 au gouvernement (mais lequel\u00a0?) de recourir \u00e0 l\u2019emprunt int\u00e9rieur, mais les banques et autres entreprises capitalistes \u00e9tablies en RDC et disposant de l\u2019argent dans leurs pays de ressort refusent d\u2019importer leurs devises parce que la RDC est devenue \u00ab\u00a0un trou noir\u00a0\u00bb pour elles\u00a0!<\/p>\n<p style=\"text-align: justify;\">L\u2019homme de la rue \u00e0 Kinshasa esp\u00e8re que les hommes et femmes au pouvoir au pays bougeront un peu leurs fortunes colossales planqu\u00e9es \u00e0 l\u2019\u00e9tranger, afin de venir en aide \u00e0 l\u2019\u00e9conomie nationale actuellement en difficult\u00e9s\u00a0! Par o\u00f9 commencer le tour de table pour obtenir l\u2019argent dont le pays a urgemment besoin\u00a0?<\/p>\n<p style=\"text-align: justify;\">En attendant la fin de cette qu\u00eate de devises fortes, la date du 19 d\u00e9cembre 2016 menace de surprendre tout le monde. N\u2019en d\u00e9plaise aux d\u00e9clarations voulues rassurantes des propagandistes de la Majorit\u00e9 sur les \u00e9v\u00e9nements \u00e0 venir\u00a0!<\/p>\n<p style=\"text-align: justify;\">Par Bamporiki Chamira<\/p>\n","protected":false},"excerpt":{"rendered":"<p>Pendant ce temps, la liste des entreprises qui refusent d\u2019importer les devises s\u2019allonge Les bonnes nouvelles deviennent rares en R\u00e9publique d\u00e9mocratique du Congo \u00e0 l\u2019approche de la date du 19 d\u00e9cembre 2016. La tension politique ne cesse de grimper alors que le social se porte tr\u00e8s mal. Malgr\u00e9 ces \u00e9vidences de malheurs, les propagandistes de [&hellip;]<\/p>\n","protected":false},"author":1,"featured_media":0,"comment_status":"open","ping_status":"open","sticky":false,"template":"","format":"standard","meta":{"footnotes":""},"categories":[134,130,5],"tags":[],"class_list":["post-18109","post","type-post","status-publish","format-standard","hentry","category-la-tempete-des-tropiques","category-nation","category-politique"],"_links":{"self":[{"href":"http:\/\/www.latempete.info\/index.php?rest_route=\/wp\/v2\/posts\/18109"}],"collection":[{"href":"http:\/\/www.latempete.info\/index.php?rest_route=\/wp\/v2\/posts"}],"about":[{"href":"http:\/\/www.latempete.info\/index.php?rest_route=\/wp\/v2\/types\/post"}],"author":[{"embeddable":true,"href":"http:\/\/www.latempete.info\/index.php?rest_route=\/wp\/v2\/users\/1"}],"replies":[{"embeddable":true,"href":"http:\/\/www.latempete.info\/index.php?rest_route=%2Fwp%2Fv2%2Fcomments&post=18109"}],"version-history":[{"count":1,"href":"http:\/\/www.latempete.info\/index.php?rest_route=\/wp\/v2\/posts\/18109\/revisions"}],"predecessor-version":[{"id":18110,"href":"http:\/\/www.latempete.info\/index.php?rest_route=\/wp\/v2\/posts\/18109\/revisions\/18110"}],"wp:attachment":[{"href":"http:\/\/www.latempete.info\/index.php?rest_route=%2Fwp%2Fv2%2Fmedia&parent=18109"}],"wp:term":[{"taxonomy":"category","embeddable":true,"href":"http:\/\/www.latempete.info\/index.php?rest_route=%2Fwp%2Fv2%2Fcategories&post=18109"},{"taxonomy":"post_tag","embeddable":true,"href":"http:\/\/www.latempete.info\/index.php?rest_route=%2Fwp%2Fv2%2Ftags&post=18109"}],"curies":[{"name":"wp","href":"https:\/\/api.w.org\/{rel}","templated":true}]}}