{"id":18149,"date":"2016-12-09T11:57:29","date_gmt":"2016-12-09T11:57:29","guid":{"rendered":"http:\/\/www.latempete.info\/?p=18149"},"modified":"2016-12-09T11:57:29","modified_gmt":"2016-12-09T11:57:29","slug":"cours-dune-journee-politique-lancement-de-loperation-kinshasa-kimya","status":"publish","type":"post","link":"http:\/\/www.latempete.info\/?p=18149","title":{"rendered":"Au cours d&rsquo;une journ\u00e9e politique : Lancement de l&rsquo;op\u00e9ration Kinshasa Kimya"},"content":{"rendered":"<p style=\"text-align: justify;\">La jeunesse\u00a0 acquise \u00e0 la\u00a0 paix\u00a0 a proc\u00e9d\u00e9 le lundi 5 d\u00e9cembre dernier\u00a0 dans la salle des f\u00eates de l&rsquo;h\u00f4tel Africana Palace, \u00e0 Kinshasa\/Lingwala, au lancement de l&rsquo;op\u00e9ration Kinshasa Kimya.<\/p>\n<p style=\"text-align: justify;\">Prenant\u00a0\u00a0 la parole, le pr\u00e9sident\u00a0 de la jeunesse acquise \u00e0 la paix, Patrick Okundji Lumumba, a expliqu\u00e9 que la jeunesse acquise \u00e0 la paix d\u00e9cr\u00e8te son refus de servir de marche pieds aux app\u00e9tits vampiriques\u00a0 des extr\u00e9mistes de tous bords, qui veulent que le sang de la jeunesse congolaise coule le 19 d\u00e9cembre prochain.<\/p>\n<p style=\"text-align: justify;\">Il a d\u00e9plor\u00e9 moult constats\u00a0 d&rsquo;agissement provocateurs et incitation de la jeunesse congolaise \u00e0 entrainer le pays\u00a0 dans le chaos.<\/p>\n<p style=\"text-align: justify;\">Pour Patrick Okundji Lumumba, la jeunesse de cette structure\u00a0\u00a0\u00a0 attend impatiemment les \u00e9lections paisibles promises pour voir la passation du pouvoir entre le pr\u00e9sident de la R\u00e9publique sortant, Joseph Kabila, et le nouveau pr\u00e9sident \u00e9lu.La jeunesse\u00a0 acquise \u00e0 la paix du rassemblement a promis de veiller d\u00e8s aujourd&rsquo;hui \u00e0 ce que la capitale de la RDC\u00a0 ne soit pas l&rsquo;ar\u00e8ne des gladiateurs qui se regardent en chiens de fa\u00efence pour le 19 d\u00e9cembre prochain.<\/p>\n<p style=\"text-align: justify;\">Par Julie Muadi<\/p>\n","protected":false},"excerpt":{"rendered":"<p>La jeunesse\u00a0 acquise \u00e0 la\u00a0 paix\u00a0 a proc\u00e9d\u00e9 le lundi 5 d\u00e9cembre dernier\u00a0 dans la salle des f\u00eates de l&rsquo;h\u00f4tel Africana Palace, \u00e0 Kinshasa\/Lingwala, au lancement de l&rsquo;op\u00e9ration Kinshasa Kimya. Prenant\u00a0\u00a0 la parole, le pr\u00e9sident\u00a0 de la jeunesse acquise \u00e0 la paix, Patrick Okundji Lumumba, a expliqu\u00e9 que la jeunesse acquise \u00e0 la paix d\u00e9cr\u00e8te [&hellip;]<\/p>\n","protected":false},"author":1,"featured_media":0,"comment_status":"open","ping_status":"open","sticky":false,"template":"","format":"standard","meta":{"footnotes":""},"categories":[134,130,5],"tags":[],"class_list":["post-18149","post","type-post","status-publish","format-standard","hentry","category-la-tempete-des-tropiques","category-nation","category-politique"],"_links":{"self":[{"href":"http:\/\/www.latempete.info\/index.php?rest_route=\/wp\/v2\/posts\/18149"}],"collection":[{"href":"http:\/\/www.latempete.info\/index.php?rest_route=\/wp\/v2\/posts"}],"about":[{"href":"http:\/\/www.latempete.info\/index.php?rest_route=\/wp\/v2\/types\/post"}],"author":[{"embeddable":true,"href":"http:\/\/www.latempete.info\/index.php?rest_route=\/wp\/v2\/users\/1"}],"replies":[{"embeddable":true,"href":"http:\/\/www.latempete.info\/index.php?rest_route=%2Fwp%2Fv2%2Fcomments&post=18149"}],"version-history":[{"count":1,"href":"http:\/\/www.latempete.info\/index.php?rest_route=\/wp\/v2\/posts\/18149\/revisions"}],"predecessor-version":[{"id":18150,"href":"http:\/\/www.latempete.info\/index.php?rest_route=\/wp\/v2\/posts\/18149\/revisions\/18150"}],"wp:attachment":[{"href":"http:\/\/www.latempete.info\/index.php?rest_route=%2Fwp%2Fv2%2Fmedia&parent=18149"}],"wp:term":[{"taxonomy":"category","embeddable":true,"href":"http:\/\/www.latempete.info\/index.php?rest_route=%2Fwp%2Fv2%2Fcategories&post=18149"},{"taxonomy":"post_tag","embeddable":true,"href":"http:\/\/www.latempete.info\/index.php?rest_route=%2Fwp%2Fv2%2Ftags&post=18149"}],"curies":[{"name":"wp","href":"https:\/\/api.w.org\/{rel}","templated":true}]}}