{"id":18162,"date":"2016-12-09T12:34:22","date_gmt":"2016-12-09T12:34:22","guid":{"rendered":"http:\/\/www.latempete.info\/?p=18162"},"modified":"2016-12-09T12:34:22","modified_gmt":"2016-12-09T12:34:22","slug":"pas-de-concert-annonce-pour-les-festivites-de-noel-et-de-bonana","status":"publish","type":"post","link":"http:\/\/www.latempete.info\/?p=18162","title":{"rendered":"Pas de concert annonc\u00e9 pour les festivit\u00e9s de No\u00ebl et de Bonana"},"content":{"rendered":"<p style=\"text-align: justify;\">Contrairement aux ann\u00e9es derni\u00e8res, o\u00f9 les artistes musiciens et les pasteurs, en cette p\u00e9riode des festivit\u00e9s de No\u00ebl et de Nouvel an, se bousculent pour louer stades, salles et autres locaux pour des concerts ou des pri\u00e8res, aucune activit\u00e9 n&rsquo;est jusque-l\u00e0 annonc\u00e9e dans ce sens \u00e0 Kinshasa.<\/p>\n<p style=\"text-align: justify;\">Pas de publicit\u00e9 \u00e0 la t\u00e9l\u00e9vision, ni de panneaux g\u00e9ants passant le message de veill\u00e9e de pri\u00e8re ou de production sc\u00e9nique au stade des Martyrs de l&rsquo;Ind\u00e9pendance, au stade Tata Rapha\u00ebl ou au Pullman Kinshasa Grand Hotel.<\/p>\n<p style=\"text-align: justify;\">M\u00eame Koffi Olomid\u00e9, d\u00e9sormais riche en concepts pour donner un sens \u00e0 ses productions, n&rsquo;est visiblement pas encore inspir\u00e9 pour informer ses nombreux fans du lieu o\u00f9 ils pourront c\u00e9l\u00e9brer le passage de 2016 \u00e0 2017 avec le Quartier Latin.<\/p>\n<p style=\"text-align: justify;\">Pour cause, \u00e0 en croire plusieurs observateurs, la situation politique du pays ne pr\u00e9sente pas un environnement s\u00e9curitaire s\u00fbr pour des manifestations publiques. On se rappelle que le 19 novembre dernier, la proph\u00e9tesse Esther Malela Londi devait cl\u00f4turer ses pri\u00e8res de \u00a0\u00bb 100 jours \u00a0\u00bb au terrain situ\u00e9 entre le stade des Martyrs et l&rsquo;avenue de l&rsquo;Enseignement.<\/p>\n<p style=\"text-align: justify;\">Toutes les autorisations avaient \u00e9t\u00e9 r\u00e9unies, jusqu&rsquo;\u00e0 ce que le jour \u00a0\u00bb j \u00ab\u00a0, les autorit\u00e9s de la ville ont finalement refus\u00e9 que les Kinois prient dans cet espace. Ce, \u00e0 la grande d\u00e9ception des fid\u00e8les venus nombreux solliciter la gr\u00e2ce de Dieu \u00e0 travers cette servante de l&rsquo;Eternel.<\/p>\n<p style=\"text-align: justify;\">Donc, \u00e0 partir du 19 d\u00e9cembre, si un compromis politique n&rsquo;est pas trouv\u00e9 entre les membres du Rassemblement et la Majorit\u00e9 pr\u00e9sidentielle pour \u00e9viter que le pays ne sombre dans le chaos, les Kinois risquent de terminer l&rsquo;ann\u00e9e 2016 enferm\u00e9s dans leurs maisons.<\/p>\n<p style=\"text-align: justify;\">De\u00a0 plus, plusieurs artistes musiciens ont r\u00e9solu de larguer leurs albums en ce mois de d\u00e9cembre pour permettre \u00e0 leurs fanatiques de f\u00eater en beaut\u00e9 la nativit\u00e9 et la bonana. Tel est le cas de Werrason Igwe, avec son album intitul\u00e9 \u00a0\u00bb 7 jours de la semaine \u00ab\u00a0. C&rsquo;est donc une peine perdue car l&rsquo;objectif souhait\u00e9 ne sera pas atteint. Car, si toutes les maisons de vente de CD et DVD sont ferm\u00e9es, comment proc\u00e9dera-t-on pour trouver ce support ?<\/p>\n","protected":false},"excerpt":{"rendered":"<p>Contrairement aux ann\u00e9es derni\u00e8res, o\u00f9 les artistes musiciens et les pasteurs, en cette p\u00e9riode des festivit\u00e9s de No\u00ebl et de Nouvel an, se bousculent pour louer stades, salles et autres locaux pour des concerts ou des pri\u00e8res, aucune activit\u00e9 n&rsquo;est jusque-l\u00e0 annonc\u00e9e dans ce sens \u00e0 Kinshasa. Pas de publicit\u00e9 \u00e0 la t\u00e9l\u00e9vision, ni de [&hellip;]<\/p>\n","protected":false},"author":1,"featured_media":0,"comment_status":"open","ping_status":"open","sticky":false,"template":"","format":"standard","meta":{"footnotes":""},"categories":[8,134,29],"tags":[],"class_list":["post-18162","post","type-post","status-publish","format-standard","hentry","category-culture-media","category-la-tempete-des-tropiques","category-musique"],"_links":{"self":[{"href":"http:\/\/www.latempete.info\/index.php?rest_route=\/wp\/v2\/posts\/18162"}],"collection":[{"href":"http:\/\/www.latempete.info\/index.php?rest_route=\/wp\/v2\/posts"}],"about":[{"href":"http:\/\/www.latempete.info\/index.php?rest_route=\/wp\/v2\/types\/post"}],"author":[{"embeddable":true,"href":"http:\/\/www.latempete.info\/index.php?rest_route=\/wp\/v2\/users\/1"}],"replies":[{"embeddable":true,"href":"http:\/\/www.latempete.info\/index.php?rest_route=%2Fwp%2Fv2%2Fcomments&post=18162"}],"version-history":[{"count":1,"href":"http:\/\/www.latempete.info\/index.php?rest_route=\/wp\/v2\/posts\/18162\/revisions"}],"predecessor-version":[{"id":18163,"href":"http:\/\/www.latempete.info\/index.php?rest_route=\/wp\/v2\/posts\/18162\/revisions\/18163"}],"wp:attachment":[{"href":"http:\/\/www.latempete.info\/index.php?rest_route=%2Fwp%2Fv2%2Fmedia&parent=18162"}],"wp:term":[{"taxonomy":"category","embeddable":true,"href":"http:\/\/www.latempete.info\/index.php?rest_route=%2Fwp%2Fv2%2Fcategories&post=18162"},{"taxonomy":"post_tag","embeddable":true,"href":"http:\/\/www.latempete.info\/index.php?rest_route=%2Fwp%2Fv2%2Ftags&post=18162"}],"curies":[{"name":"wp","href":"https:\/\/api.w.org\/{rel}","templated":true}]}}