{"id":18164,"date":"2016-12-09T12:36:58","date_gmt":"2016-12-09T12:36:58","guid":{"rendered":"http:\/\/www.latempete.info\/?p=18164"},"modified":"2016-12-09T12:36:58","modified_gmt":"2016-12-09T12:36:58","slug":"apres-son-sejour-americain","status":"publish","type":"post","link":"http:\/\/www.latempete.info\/?p=18164","title":{"rendered":"Apr\u00e8s son s\u00e9jour am\u00e9ricain : Werrason ce 17 d\u00e9cembre \u00e0 Luanda\u2026 sans Lobeso"},"content":{"rendered":"<p style=\"text-align: justify;\">No\u00ebl Ngiama Makanda Werrason, dit \u00ab\u00a0Igwe Le Roi de la For\u00eat\u00a0\u00bb, se d\u00e9place pour l\u2019Angola ce samedi 17 d\u00e9cembre , avec tout son groupe, except\u00e9 l\u2019animateur Lobeso Mpota dit \u00ab\u00a0Honorable\u00a0\u00bb. D\u2019ailleurs, selon le programme que le producteur vient de retoucher, il \u00e9tait pr\u00e9alablement pr\u00e9vu que Wenge Musica Maison M\u00e8re prenne plut\u00f4t son avion demain samedi 10 d\u00e9cembre.<\/p>\n<p style=\"text-align: justify;\">Mais un r\u00e9ajustement a \u00e9t\u00e9 op\u00e9r\u00e9 en derni\u00e8re minute, pour des raisons li\u00e9es \u00e0 l\u2019organisation. Mais il se pr\u00e9cise que l\u2019animateur Lobeso Mpota dit \u00ab\u00a0Tigre\u00a0\u00bb ne fera pas partie de l\u2019effectif qui accompagnera Le Ph\u00e9nom\u00e8ne Werrason au pays d\u2019Eduardo Dos Santos. Pour cause, cet artiste, suspendu pour un mois, a d\u00e9j\u00e0 purg\u00e9 sa peine. Mais il n\u2019a jamais, depuis, repris le chemin des r\u00e9p\u00e9titions \u00e0 La Zamba Play.<\/p>\n<p style=\"text-align: justify;\">On se rappellera qu\u2019aussit\u00f4t suspendu pour mauvaise conduite, Lobeso a investi toutes les chaines de t\u00e9l\u00e9vision \u00e9mettant \u00e0 Kinshasa pour manifester son indignation, prenant ainsi \u00e0 partie l\u2019administration du groupe pour la mesure prise contre lui.<\/p>\n<p style=\"text-align: justify;\">Dans ses d\u00e9clarations frisant l\u2019injure, Lobeso a soutenu, entre autres, que personne ne peut l\u2019emp\u00eacher de consommer de l\u2019alcool indig\u00e8ne. Ce qui n\u2019a pas honor\u00e9 le groupe. De m\u00eame, il n\u2019est pas s\u00fbr que le chanteur Miel sera aussi de son voyage pour l\u2019Angola. Car, depuis la semaine derni\u00e8re, ce chanteur premi\u00e8re voix a perdu son p\u00e8re biologique, et le deuil se tient \u00e0 Kinshasa.<\/p>\n<p style=\"text-align: justify;\">Selon le programme, le groupe regagne Kinshasa le 27 d\u00e9cembre, apr\u00e8s avoir livr\u00e9 quelques concerts dans les grandes villes telles que Luanda et autres.<\/p>\n<p style=\"text-align: justify;\">Aussit\u00f4t de retour, l\u2019Ambassadeur de la paix et ses poulains s\u2019envoleront, au d\u00e9but du mois de janvier 2017 pour les Etats-Unis d\u2019Am\u00e9rique en vue d\u2019une grande tourn\u00e9e. Occasion pour le patron du groupe de finaliser les travaux de r\u00e9alisation de quelques uns de ses clips tourn\u00e9s au pays de Donald J. Trump.<\/p>\n<p style=\"text-align: justify;\">Par LM<\/p>\n","protected":false},"excerpt":{"rendered":"<p>No\u00ebl Ngiama Makanda Werrason, dit \u00ab\u00a0Igwe Le Roi de la For\u00eat\u00a0\u00bb, se d\u00e9place pour l\u2019Angola ce samedi 17 d\u00e9cembre , avec tout son groupe, except\u00e9 l\u2019animateur Lobeso Mpota dit \u00ab\u00a0Honorable\u00a0\u00bb. D\u2019ailleurs, selon le programme que le producteur vient de retoucher, il \u00e9tait pr\u00e9alablement pr\u00e9vu que Wenge Musica Maison M\u00e8re prenne plut\u00f4t son avion demain samedi [&hellip;]<\/p>\n","protected":false},"author":1,"featured_media":16244,"comment_status":"open","ping_status":"open","sticky":false,"template":"","format":"standard","meta":{"footnotes":""},"categories":[8,134,29],"tags":[],"class_list":["post-18164","post","type-post","status-publish","format-standard","has-post-thumbnail","hentry","category-culture-media","category-la-tempete-des-tropiques","category-musique"],"_links":{"self":[{"href":"http:\/\/www.latempete.info\/index.php?rest_route=\/wp\/v2\/posts\/18164"}],"collection":[{"href":"http:\/\/www.latempete.info\/index.php?rest_route=\/wp\/v2\/posts"}],"about":[{"href":"http:\/\/www.latempete.info\/index.php?rest_route=\/wp\/v2\/types\/post"}],"author":[{"embeddable":true,"href":"http:\/\/www.latempete.info\/index.php?rest_route=\/wp\/v2\/users\/1"}],"replies":[{"embeddable":true,"href":"http:\/\/www.latempete.info\/index.php?rest_route=%2Fwp%2Fv2%2Fcomments&post=18164"}],"version-history":[{"count":1,"href":"http:\/\/www.latempete.info\/index.php?rest_route=\/wp\/v2\/posts\/18164\/revisions"}],"predecessor-version":[{"id":18165,"href":"http:\/\/www.latempete.info\/index.php?rest_route=\/wp\/v2\/posts\/18164\/revisions\/18165"}],"wp:featuredmedia":[{"embeddable":true,"href":"http:\/\/www.latempete.info\/index.php?rest_route=\/wp\/v2\/media\/16244"}],"wp:attachment":[{"href":"http:\/\/www.latempete.info\/index.php?rest_route=%2Fwp%2Fv2%2Fmedia&parent=18164"}],"wp:term":[{"taxonomy":"category","embeddable":true,"href":"http:\/\/www.latempete.info\/index.php?rest_route=%2Fwp%2Fv2%2Fcategories&post=18164"},{"taxonomy":"post_tag","embeddable":true,"href":"http:\/\/www.latempete.info\/index.php?rest_route=%2Fwp%2Fv2%2Ftags&post=18164"}],"curies":[{"name":"wp","href":"https:\/\/api.w.org\/{rel}","templated":true}]}}