{"id":18177,"date":"2016-12-12T08:19:59","date_gmt":"2016-12-12T08:19:59","guid":{"rendered":"http:\/\/www.latempete.info\/?p=18177"},"modified":"2016-12-12T08:19:59","modified_gmt":"2016-12-12T08:19:59","slug":"18177-2","status":"publish","type":"post","link":"http:\/\/www.latempete.info\/?p=18177","title":{"rendered":"Justice internationale,2\u00e8me affaire JP Bemba et cie : les derni\u00e8res d\u00e9cisions de la CPI cette semaine"},"content":{"rendered":"<p style=\"text-align: justify;\">La chambre de premi\u00e8re instance VII de la cour p\u00e9nale internationale (CPI)\u00a0 organise des audiences du lundi 12 au mercredi 14 d\u00e9cembre 2016 pour entendre les arguments des parties concernant la d\u00e9termination de la peine dans l\u2019affaire le procureur vs\u00a0Jean-Pierre Bemba Gombo, Aim\u00e9 Kilolo Musamba, Jean-Jacques Mangenda Kabongo, Fid\u00e8le Babala wandu et Narcisse Arido.<\/p>\n<p style=\"text-align: justify;\">Aucune d\u00e9cision concernant la peine ne sera prise au cours des audiences pr\u00e9vues cette semaine. La chambre aura, dans un deuxi\u00e8me temps, \u00e0 rendre la d\u00e9cision qui fixera la peine, en temps voulu.<\/p>\n<p style=\"text-align: justify;\">Pour rappel, le 19\u00a0octobre 2016, la chambre de premi\u00e8re instance\u00a0VII a rendu son jugement dans l\u2019affaire le procureur contre\u00a0Jean-Pierre Bemba Gombo, Aim\u00e9 Kilolo Musamba, Jean-Jacques Mangenda Kabongo, Fid\u00e8le Babala wandu et Narcisse Arido et a d\u00e9clar\u00e9\u00a0 les cinq accus\u00e9s coupables de plusieurs atteintes \u00e0 l\u2019administration de la justice concernant de faux t\u00e9moignages produits par des t\u00e9moins de la d\u00e9fense dans une autre affaire port\u00e9e devant la CPI, l\u2019affaire le procureur c.\u00a0Jean-Pierre Bemba Gombo.<\/p>\n<p style=\"text-align: justify;\"><strong>D\u00e9fendre les droits des vuln\u00e9rables<\/strong><\/p>\n<p style=\"text-align: justify;\">A l\u2019occasion de la Journ\u00e9e des droits de l\u2019homme c\u00e9l\u00e9br\u00e9e le samedi\u00a0 10 d\u00e9cembre 2016, la pr\u00e9sidente de la Cour p\u00e9nale internationale, la juge Silvia Fern\u00e1ndez de Gurmendi a adress\u00e9 un message important \u00e0 l\u2019humanit\u00e9 dans le cadre de la lutte contre l\u2019impunit\u00e9 des auteurs des crimes graves relevant de la CPI.<\/p>\n<p style=\"text-align: justify;\">Le th\u00e8me de cette ann\u00e9e est \u00ab D\u00e9fendez les droits de quelqu\u2019un aujourd\u2019hui \u00bb.Pour la juge Fern\u00e1ndez de Gurmendi, la protection effective des droits de l\u2019homme exige que l\u2019on se penche non seulement sur nos propres droits et int\u00e9r\u00eats, mais aussi sur ceux des autres, en particulier des plus vuln\u00e9rables.<\/p>\n<p style=\"text-align: justify;\">Pour cette magistrate, la Cour P\u00e9nale Internationale incarne l\u2019engagement des nations de tous les continents \u00e0 prot\u00e9ger toutes les victimes contre le g\u00e9nocide, les crimes contre l\u2019humanit\u00e9 et les crimes de guerre. En premier lieu, ces crimes font l\u2019objet d\u2019enqu\u00eates et de poursuites par les Etats. Mais si ces derniers ne peuvent ou ne veulent pas le faire, il incombe \u00e0 la CPI d\u2019intervenir.<\/p>\n<p style=\"text-align: justify;\">La Cour a accompli des progr\u00e8s consid\u00e9rables depuis 2002 dans la poursuite de crimes qui constituent un affront aux droits de l\u2019homme, comme l\u2019utilisation d\u2019enfants soldats, la violence sexuelle dans les conflits, les attaques contre des civils et la destruction de biens culturels.<\/p>\n<p style=\"text-align: justify;\">Les victimes sont au c\u0153ur du travail de la CPI. Elles peuvent participer aux proc\u00e9dures de la Cour avec une aide judiciaire. Et elles ont le droit de demander des r\u00e9parations pour le pr\u00e9judice qu\u2019elles ont subi.<\/p>\n<p style=\"text-align: justify;\">Le Fonds au profit des victimes associ\u00e9 \u00e0 la CPI a aid\u00e9 plus de 300 000 victimes en fournissant une r\u00e9adaptation physique et psychologique\u00a0; a soutenu Silvia Fern\u00e1ndez de Gurmendi.<\/p>\n<p style=\"text-align: justify;\">Par God\u00e9 Kalonji<\/p>\n","protected":false},"excerpt":{"rendered":"<p>La chambre de premi\u00e8re instance VII de la cour p\u00e9nale internationale (CPI)\u00a0 organise des audiences du lundi 12 au mercredi 14 d\u00e9cembre 2016 pour entendre les arguments des parties concernant la d\u00e9termination de la peine dans l\u2019affaire le procureur vs\u00a0Jean-Pierre Bemba Gombo, Aim\u00e9 Kilolo Musamba, Jean-Jacques Mangenda Kabongo, Fid\u00e8le Babala wandu et Narcisse Arido. Aucune [&hellip;]<\/p>\n","protected":false},"author":1,"featured_media":12560,"comment_status":"open","ping_status":"open","sticky":false,"template":"","format":"standard","meta":{"footnotes":""},"categories":[136,134,130,5],"tags":[],"class_list":["post-18177","post","type-post","status-publish","format-standard","has-post-thumbnail","hentry","category-a-la-une","category-la-tempete-des-tropiques","category-nation","category-politique"],"_links":{"self":[{"href":"http:\/\/www.latempete.info\/index.php?rest_route=\/wp\/v2\/posts\/18177"}],"collection":[{"href":"http:\/\/www.latempete.info\/index.php?rest_route=\/wp\/v2\/posts"}],"about":[{"href":"http:\/\/www.latempete.info\/index.php?rest_route=\/wp\/v2\/types\/post"}],"author":[{"embeddable":true,"href":"http:\/\/www.latempete.info\/index.php?rest_route=\/wp\/v2\/users\/1"}],"replies":[{"embeddable":true,"href":"http:\/\/www.latempete.info\/index.php?rest_route=%2Fwp%2Fv2%2Fcomments&post=18177"}],"version-history":[{"count":1,"href":"http:\/\/www.latempete.info\/index.php?rest_route=\/wp\/v2\/posts\/18177\/revisions"}],"predecessor-version":[{"id":18178,"href":"http:\/\/www.latempete.info\/index.php?rest_route=\/wp\/v2\/posts\/18177\/revisions\/18178"}],"wp:featuredmedia":[{"embeddable":true,"href":"http:\/\/www.latempete.info\/index.php?rest_route=\/wp\/v2\/media\/12560"}],"wp:attachment":[{"href":"http:\/\/www.latempete.info\/index.php?rest_route=%2Fwp%2Fv2%2Fmedia&parent=18177"}],"wp:term":[{"taxonomy":"category","embeddable":true,"href":"http:\/\/www.latempete.info\/index.php?rest_route=%2Fwp%2Fv2%2Fcategories&post=18177"},{"taxonomy":"post_tag","embeddable":true,"href":"http:\/\/www.latempete.info\/index.php?rest_route=%2Fwp%2Fv2%2Ftags&post=18177"}],"curies":[{"name":"wp","href":"https:\/\/api.w.org\/{rel}","templated":true}]}}