{"id":18179,"date":"2016-12-12T08:25:25","date_gmt":"2016-12-12T08:25:25","guid":{"rendered":"http:\/\/www.latempete.info\/?p=18179"},"modified":"2016-12-12T08:25:25","modified_gmt":"2016-12-12T08:25:25","slug":"apres-48-heures-de-suspension","status":"publish","type":"post","link":"http:\/\/www.latempete.info\/?p=18179","title":{"rendered":"Apr\u00e8s 48 heures de suspension,Dialogue II : les d\u00e9bats se poursuivent ce mardi"},"content":{"rendered":"<p style=\"text-align: justify;\"><em><strong>Trois commissions d\u00e9j\u00e0 constitu\u00e9es<\/strong> <\/em><\/p>\n<p>Les n\u00e9gociations directes entre les d\u00e9l\u00e9gu\u00e9s de la MP et de l&rsquo;Opposition ouvertes jeudi le 08 d\u00e9cembre 2016 par Mgr Marcel Utembi, pr\u00e9sident de la Conf\u00e9rence \u00e9piscopale nationale du Congo (CENCO) au Centre interdioc\u00e9sain situ\u00e9 dans la commune de la Gombe ,\u00a0 vont se poursuivre\u00a0 demain\u00a0 mardi 13 d\u00e9cembre.<\/p>\n<p style=\"text-align: justify;\">Ces travaux avaient \u00e9t\u00e9 suspendus pour deux jours pour permettre aux pr\u00e9lats catholiques qui offrent leurs bons offices de se rendre dans la province de l&rsquo;Equateur pour\u00a0 assister \u00e0 la passation canonique de Mgr Fridolin Ambongo nomm\u00e9\u00a0\u00a0 r\u00e9cemment Archev\u00eaque de Mbandaka Bikoro par le Pape Franb\u00e7ois.<\/p>\n<p style=\"text-align: justify;\">Lors de l&rsquo;ouverture, jeudi le 08 d\u00e9cembre dans l&rsquo;apr\u00e8s-midi, le pr\u00e9sident de la Conf\u00e9rence Episcopale Nationale du Congo,\u00a0 Mgr Marcel Utembi, a dit\u00a0 plac\u00e9 ces assises sous le signe de la coh\u00e9sion nationale tout en appelant les participants au sens \u00e9lev\u00e9 de responsabilit\u00e9, afin de trouver des solutions susceptibles de faire sortir la R\u00e9publique D\u00e9mocratique du Congo de la crise.<\/p>\n<p style=\"text-align: justify;\">Selon les orientations des organisateurs qui sont les \u00e9v\u00eaques catholiques, les participants \u00e0 ce dialogue inclusif devront se focaliser sur les points de divergences, afin de produire un document qui soit beaucoup plus inclusif et rencontrant les points de vue de tous.<\/p>\n<p><strong>Le pr\u00e9sident de la CENCO exhorte les participants<\/strong><\/p>\n<p style=\"text-align: justify;\">Au deuxi\u00e8me jour de ces assises du centre interdioc\u00e9sain, ux , le pr\u00e9sident de la Conf\u00e9rence \u00e9piscopale nationale du Congo a appel\u00e9,\u00a0 \u00e0 travers une exhortation, les uns les autres \u00e0\u00a0 bien vouloir s&rsquo;engager pour bien\u00a0 travailler dans un esprit constructif.<\/p>\n<p style=\"text-align: justify;\">Apr\u00e8s cette exhortation,\u00a0 il a \u00e9t\u00e9 question de valider partiellement les mandats de ceux qui \u00e9taient l\u00e0. Il faut signaler ici que le plus important surtout reste le fait que le code de bonne conduite a \u00e9t\u00e9 vot\u00e9 pour permettre aux travaux de se poursuivre dans de bonnes conditions.<\/p>\n<p style=\"text-align: justify;\">En plus, les th\u00e8mes de r\u00e9f\u00e9rence ou les mati\u00e8res \u00e0 discuter ont \u00e9t\u00e9 distribu\u00e9s aux participants pour qu&rsquo;ils en prennent connaissance, de fa\u00e7on \u00e0 bien poursuivre les d\u00e9bats ce mardi lors des travaux en commissions et en pl\u00e9ni\u00e8re.<\/p>\n<p><strong>Trois commissions constitu\u00e9es<\/strong><\/p>\n<p style=\"text-align: justify;\">La deuxi\u00e8me journ\u00e9e a \u00e9t\u00e9 \u00e9galement consacr\u00e9e \u00e0 la mise en place des trois commissions. La premi\u00e8re commission charg\u00e9e des institutions se penchera sur tout ce qui porte sur la Constitution, sur le fonctionnement des institutions pendant la p\u00e9riode apr\u00e8s le 19 d\u00e9cembre, le CENI, le CESAC etc. ;\u00a0 La deuxi\u00e8me commission est charg\u00e9e du processus \u00e9lectoral. Celle-ci traitera de la syntaxe des \u00e9lections, du calendrier \u00e9lectoral, du financement des \u00e9lections etc.<\/p>\n<p style=\"text-align: justify;\">La troisi\u00e8me commission est charg\u00e9e de crispations politiques. Ici allusion est faite aux prisonniers politiques et aux libert\u00e9s publiques.<\/p>\n<p style=\"text-align: justify;\">En plus de ces trois commissions, une \u00e9quipe\u00a0 va travailler\u00a0 sur le format que devra prendre l&rsquo;accord issu de ces \u00e9changes c&rsquo;est-\u00e0-dire la r\u00e9daction des textes finals.<\/p>\n<p><strong>Quelques r\u00e9actions des participants<\/strong><\/p>\n<p style=\"text-align: justify;\">Pour\u00a0 Martin Fayulu\u00a0 pr\u00e9sident de l&rsquo;ECID\u00e9, le plus important dans ce qui a \u00e9t\u00e9 fait est qu&rsquo;on se mette d&rsquo;accord sur les objectifs \u00e0 atteindre, sur le travail \u00e0 faire. Pour lui, il ya une crise en RDC qui n\u00e9cessite des voies et moyens pour la r\u00e9soudre. Et cette crise est due au fait que l&rsquo;\u00e9lection pr\u00e9sidentielle n&rsquo;a pas \u00e9t\u00e9 organis\u00e9e.<\/p>\n<p style=\"text-align: justify;\">Selon lui, le 19 d\u00e9cembre 2016, c&rsquo;est la date butoir et la fin du mandat\u00a0 du pr\u00e9sident Joseph Kabila. Bref, il est question de savoir comment le pouvoir de l&rsquo;Etat doit \u00eatre g\u00e9r\u00e9 apr\u00e8s cette date l\u00e0.<\/p>\n<p style=\"text-align: justify;\">Pour sa part, Joseph Olenga Nkoy a pr\u00e9cis\u00e9 que, contrairement \u00e0 ce que d&rsquo;aucuns pensent,\u00a0 cette rencontre n&rsquo;a pas \u00e9t\u00e9 convoqu\u00e9e pour le partage des postes mais plut\u00f4t pour trouver des voies de sortir le pays de la crise \u00e0 travers ce dialogue entre Congolais qu&rsquo;il a surnomm\u00e9 \u00a0\u00bb Nouveau testament \u00ab\u00a0.<\/p>\n<p><strong>\u00a0A propos des d\u00e9l\u00e9gu\u00e9s du MLC<\/strong><\/p>\n<p style=\"text-align: justify;\">Les deux membres du Mouvement pour la lib\u00e9ration du Congo invit\u00e9s \u00e0 ces assises parmi les quinze membres de l&rsquo;opposition n&rsquo;ont pas si\u00e9ger aux c\u00f4t\u00e9s de leurs coll\u00e8gues pour la simple raison qu&rsquo;ils n&rsquo;\u00e9taient contents du quota.<\/p>\n<p style=\"text-align: justify;\">A ce sujet, les autres membres de l&rsquo;Opposition estiment que c&rsquo;est un faux d\u00e9bat parce qu&rsquo;on ne pouvait pas aligner tout le monde pour un quota de quinze places donn\u00e9es aux\u00a0 d\u00e9l\u00e9gu\u00e9s\u00a0 des\u00a0 partis politiques ou plates-formes de l&rsquo;opposition, y compris les deux membres de la soci\u00e9t\u00e9 civile.<\/p>\n<p style=\"text-align: justify;\">Pour rappel, le Rassemblement de l&rsquo;Opposition comprend 10 plates-formes entre autres : l&rsquo;UDPS , les alli\u00e9s du pr\u00e9sident Etienne Tshisekedi, la Dynamique de l&rsquo;opposition, le G7, le G14, l&rsquo;AR, la Convention des r\u00e9publicains et d&rsquo;autres. L&rsquo;ensemble de toutes ces plates-formes du Rassemblement a eu 11 places et les 4 autres places ont \u00e9t\u00e9 r\u00e9serv\u00e9es \u00e0 la soci\u00e9t\u00e9 civile et au MLC.<\/p>\n<p style=\"text-align: justify;\">Par Thony Kambila<\/p>\n","protected":false},"excerpt":{"rendered":"<p>Trois commissions d\u00e9j\u00e0 constitu\u00e9es Les n\u00e9gociations directes entre les d\u00e9l\u00e9gu\u00e9s de la MP et de l&rsquo;Opposition ouvertes jeudi le 08 d\u00e9cembre 2016 par Mgr Marcel Utembi, pr\u00e9sident de la Conf\u00e9rence \u00e9piscopale nationale du Congo (CENCO) au Centre interdioc\u00e9sain situ\u00e9 dans la commune de la Gombe ,\u00a0 vont se poursuivre\u00a0 demain\u00a0 mardi 13 d\u00e9cembre. Ces travaux [&hellip;]<\/p>\n","protected":false},"author":1,"featured_media":18158,"comment_status":"open","ping_status":"open","sticky":false,"template":"","format":"standard","meta":{"footnotes":""},"categories":[136,134,130,5],"tags":[],"class_list":["post-18179","post","type-post","status-publish","format-standard","has-post-thumbnail","hentry","category-a-la-une","category-la-tempete-des-tropiques","category-nation","category-politique"],"_links":{"self":[{"href":"http:\/\/www.latempete.info\/index.php?rest_route=\/wp\/v2\/posts\/18179"}],"collection":[{"href":"http:\/\/www.latempete.info\/index.php?rest_route=\/wp\/v2\/posts"}],"about":[{"href":"http:\/\/www.latempete.info\/index.php?rest_route=\/wp\/v2\/types\/post"}],"author":[{"embeddable":true,"href":"http:\/\/www.latempete.info\/index.php?rest_route=\/wp\/v2\/users\/1"}],"replies":[{"embeddable":true,"href":"http:\/\/www.latempete.info\/index.php?rest_route=%2Fwp%2Fv2%2Fcomments&post=18179"}],"version-history":[{"count":1,"href":"http:\/\/www.latempete.info\/index.php?rest_route=\/wp\/v2\/posts\/18179\/revisions"}],"predecessor-version":[{"id":18180,"href":"http:\/\/www.latempete.info\/index.php?rest_route=\/wp\/v2\/posts\/18179\/revisions\/18180"}],"wp:featuredmedia":[{"embeddable":true,"href":"http:\/\/www.latempete.info\/index.php?rest_route=\/wp\/v2\/media\/18158"}],"wp:attachment":[{"href":"http:\/\/www.latempete.info\/index.php?rest_route=%2Fwp%2Fv2%2Fmedia&parent=18179"}],"wp:term":[{"taxonomy":"category","embeddable":true,"href":"http:\/\/www.latempete.info\/index.php?rest_route=%2Fwp%2Fv2%2Fcategories&post=18179"},{"taxonomy":"post_tag","embeddable":true,"href":"http:\/\/www.latempete.info\/index.php?rest_route=%2Fwp%2Fv2%2Ftags&post=18179"}],"curies":[{"name":"wp","href":"https:\/\/api.w.org\/{rel}","templated":true}]}}