{"id":18181,"date":"2016-12-12T08:37:17","date_gmt":"2016-12-12T08:37:17","guid":{"rendered":"http:\/\/www.latempete.info\/?p=18181"},"modified":"2016-12-12T08:37:17","modified_gmt":"2016-12-12T08:37:17","slug":"18181-2","status":"publish","type":"post","link":"http:\/\/www.latempete.info\/?p=18181","title":{"rendered":"Sanctions cibl\u00e9es contre des proches de Joseph Kabila : L&rsquo;UE se prononce ce lundi sur la RDC"},"content":{"rendered":"<p style=\"text-align: justify;\"><em><strong>Sauf impr\u00e9vu, c&rsquo;est ce lundi \u00e0 Bruxelles que le Parlement europ\u00e9en\u00a0 adoptera des sanctions cibl\u00e9es \u00e0 l&rsquo;endroit de sept hauts responsables de la RDC accus\u00e9s d&rsquo;entraver le processus d\u00e9mocratique<\/strong><\/em><\/p>\n<p>Les \u00e9chos qui nous parviennent du Parlement europ\u00e9en au sujet de la crise politique qui secoue la R\u00e9publique d\u00e9mocratique du Congo font \u00e9tat des sanctions cibl\u00e9es qui seront bient\u00f4t prises \u00e0 l\u00a0\u00bbendroit de certains dirigeants congolais. Sanctions comprenant le gel des avoirs et l&rsquo;interdiction de s\u00e9jour dans un pays de l&rsquo;Union Europ\u00e9enne.<\/p>\n<p style=\"text-align: justify;\">Selon un diplomate, ces sanctions ciblent essentiellement des responsables s\u00e9curitaires et devraient, selon cette source, \u00eatre adopt\u00e9es\u00a0 ce lundi 12 d\u00e9cembre, \u00e0 l&rsquo;occasion d&rsquo;une r\u00e9union \u00e0 Bruxelles des ministres des Affaires \u00e9trang\u00e8res.<\/p>\n<p style=\"text-align: justify;\">Au Parlement europ\u00e9en, les mesures envisag\u00e9es \u00e9taient d\u00e9j\u00e0 pr\u00eates, mais la d\u00e9cision finale doit \u00eatre prise par les ministres qui vont se r\u00e9unir ce lundi dans la capitale belge. De la capitale belge on apprend que plusieurs ministres europ\u00e9ens souhaitent attendre le 20 d\u00e9cembre, date marquant officiellement la fin du second et dernier mandat de Joseph Kabila \u00e0 la t\u00eate du pays.<\/p>\n<p style=\"text-align: justify;\">Histoire aussi de suivre l&rsquo;\u00e9volution de la m\u00e9diation men\u00e9e par la Conf\u00e9rence Episcopale Nationale du Congo(CENCO), pour voir si elle\u00a0 peut d\u00e9boucher sur une sortie de crise.<\/p>\n<p><strong>L&rsquo;UE pour une transition sans Kabila<\/strong><\/p>\n<p style=\"text-align: justify;\">Le flou plane encore sur les intentions r\u00e9elles de J.Kabila, qui est au pouvoir depuis 15 ans et \u00e0 qui la Constitution interdit de se repr\u00e9senter.\u00a0 L&rsquo;\u00e9lection pr\u00e9sidentielle qui devait \u00eatre organis\u00e9e cette ann\u00e9e pour \u00e9lire son successeur n&rsquo;a jamais eu lieu, par la volont\u00e9 du pouvoir en place.<\/p>\n<p style=\"text-align: justify;\">Ce que l&rsquo;Opposition r\u00e9unie derri\u00e8re Etienne Tshisekedi \u00e0 travers le Rassemblement des forces politiques et sociales acquises au changement d\u00e9nonce depuis plusieurs mois.<\/p>\n<p style=\"text-align: justify;\">Normalement, les n\u00e9gociations en cours \u00e0 Kinshasa devront aboutir \u00e0 l&rsquo;installation d&rsquo;un gouvernement de transition jusqu&rsquo;\u00e0 l&rsquo;organisation d&rsquo;\u00e9lections en bonne et due forme. Mais, en optant pour des sanctions individuelles contre des proches du pr\u00e9sident Kabila, l&rsquo;Union europ\u00e9enne qui est pour l&rsquo;organisation rapide du scrutin pr\u00e9sidentiel en RDC, c&rsquo;est-\u00e0-dire au plus tard en 2017, pourrait ainsi ses menaces du mois d&rsquo;octobre en ex\u00e9cution.<\/p>\n<p style=\"text-align: justify;\">Plusieurs capitales occidentales dont celles de l&rsquo;UE ont brandi la menace des sanctions cibl\u00e9es contre les autorit\u00e9s congolaises accus\u00e9es de graves violations des droits de l&rsquo;homme ou qui feraient obstacle \u00e0 une sortie de crise consensuelle, pacifique et respectueuse de l&rsquo;aspiration du peuple congolais \u00e0 \u00e9lire ses repr\u00e9sentants.<\/p>\n<p><strong>Emboiter le pas aux Etats-Unis<\/strong><\/p>\n<p style=\"text-align: justify;\">Parmi les sept personnalit\u00e9s congolaises cibl\u00e9es, certaines ont jou\u00e9 un r\u00f4le pr\u00e9pond\u00e9rant dans la r\u00e9pression meurtri\u00e8re des manifestations des 19 et 20 septembre 2016 \u00e0 Kinshasa en marge d&rsquo;une manifestation d&rsquo;un rassemblement de l&rsquo;opposition. Une cinquantaine de personnes avaient \u00e9t\u00e9 alors tu\u00e9es, selon plusieurs organisations des droits de l&rsquo;homme et l&rsquo;ONU.<\/p>\n<p style=\"text-align: justify;\">Dans un communiqu\u00e9 publi\u00e9 vendredi dernier, plusieurs ONG internationales, parmi lesquelles Human Rights Watch (HRW), la F\u00e9d\u00e9ration internationale des ligues des droits de l&rsquo;Homme (FIDH) et m\u00eame Reporters sans fronti\u00e8res (RSF) appellent\u00a0 l&rsquo;UE \u00e0 emboiter le pas aux Etats-Unis dont les sanctions, selon ces ONG, ont eu un effet dissuasif notable.<\/p>\n<p style=\"text-align: justify;\">Les enqu\u00eates men\u00e9es par HRW ont accabl\u00e9 quelques personnalit\u00e9s \u00e0 Kinshasa concernant la r\u00e9pression des manifestations pacifiques organis\u00e9es par l&rsquo;Opposition et la soci\u00e9t\u00e9 civile.<\/p>\n<p style=\"text-align: justify;\">Il s&rsquo;agit du directeur de l&rsquo;Agence Nationale de Renseignements Kalev Mutond,<\/p>\n<p style=\"text-align: justify;\">le g\u00e9n\u00e9ral Ilunga Kampete,commandant en chef de la Garde r\u00e9publicaine ;<\/p>\n<p style=\"text-align: justify;\">le g\u00e9n\u00e9ral Gabriel Amisi, commandant de l&rsquo;arm\u00e9e dans la r\u00e9gion occidentale du pays (alias \u00a0\u00bb Tango Four \u00ab\u00a0),<\/p>\n<p style=\"text-align: justify;\">le vice-premier ministre et ministre de l&rsquo;Int\u00e9rieur \u00c9variste Boshab et le g\u00e9n\u00e9ral C\u00e9lestin Kanyama, commissaire de police de Kinshasa. St\/Appel \u00e0 sanctionner de hauts responsables en RDC<\/p>\n<p><strong>Les ONGDH appellent \u00e0 des sanctions exemplaires<\/strong><\/p>\n<p style=\"text-align: justify;\">L&rsquo;Union europ\u00e9enne et les Etats-Unis devraient \u00e9tendre les sanctions cibl\u00e9es contre les principaux responsables de la r\u00e9cente r\u00e9pression violente et d&rsquo;autres violations graves des droits humains en R\u00e9publique d\u00e9mocratique du Congo, a d\u00e9clar\u00e9\u00a0 samedi dernier une coalition de 72 organisations congolaises et 15 organisations internationales de d\u00e9fense des droits humains.<\/p>\n<p style=\"text-align: justify;\">A une semaine de la date butoir du 19 d\u00e9cembre 2016 marquant la fin constitutionnelle du second et dernier mandat du Pr\u00e9sident Joseph Kabila, celui-ci n&rsquo;a toujours pas pris l&rsquo;engagement clair de se retirer du pouvoir. Au contraire, le pouvoir d\u00e9cadent a intensifi\u00e9 des actions r\u00e9pressives contre les activistes pro-d\u00e9mocratie, l&rsquo;opposition politique, les manifestants pacifiques et contre les m\u00e9dias.<\/p>\n<p style=\"text-align: justify;\">C&rsquo;est sans doute ce qui a pouss\u00e9 plusieurs eurod\u00e9put\u00e9s au Parlement europ\u00e9en \u00e0 opter pour des sanctions cibl\u00e9es contre des proches de l&rsquo;actuel chef de l&rsquo;Etat congolais. Ces sanctions porteront, entre autres, sur des interdictions de voyage sur l&rsquo;espace europ\u00e9en, le gel des avoirs et le blocage des comptes bancaires et des transactions financi\u00e8res li\u00e9s aux individus.<\/p>\n<p style=\"text-align: justify;\">\u00a0\u00a0\u00bb Le pr\u00e9sident Kabila et les fonctionnaires congolais doivent recevoir un message fort leur montrant que la violation des droits des Congolais co\u00fbte cher aux personnes responsables. Il est crucial pour la stabilit\u00e9, l&rsquo;Etat de droit et le respect des droits humains fondamentaux en RD Congo et dans l&rsquo;ensemble de la r\u00e9gion d&rsquo;agir maintenant pour emp\u00eacher que la situation en RD Congo ne devienne incontr\u00f4lable. \u00ab\u00a0, a d\u00e9clar\u00e9 Ida Sawyer, chercheuse senior Afrique \u00e0 Human Rights Watch.<\/p>\n<p style=\"text-align: justify;\">Les organisations internationales signataires de cet appel sont entre autres, Agir Ensemble pour les Droits de l&rsquo;Homme (AEDH),Ecumenical Network Central Africa (OENZ),The Enough Project, European Network for Central Africa (EurAc),F\u00e9d\u00e9ration internationale de l&rsquo;Action des chr\u00e9tiens pour l&rsquo;abolition de la torture (FIACAT),F\u00e9d\u00e9ration internationale des ligues des droits de l&rsquo;Homme (FIDH), Global Centre for the Responsibility to Protect, Global Witness, Human Rights Watch, Never Again Coalition, PAX, Protection International, Reporters sans Fronti\u00e8res\/Reporters Without Borders, Save the Congo, World Organisation Against Torture (OMCT) . Parmi les organisations congolaises favorables aux sanctions cibl\u00e9es figurent Action Chr\u00e9tienne Contre la Torture (ACAT) &#8211; RDC, Action d&rsquo;Aide aux Survivants de la Torture (AAST\/Rel\u00e8ve), Action de Solidarit\u00e9 de Femmes pour la Femme et l&rsquo;Enfant (ASOFFE), Action pour la Bienveillance Humanitaire (AB\/ Humanitaire).<\/p>\n<p>Par G.K.M.<\/p>\n","protected":false},"excerpt":{"rendered":"<p>Sauf impr\u00e9vu, c&rsquo;est ce lundi \u00e0 Bruxelles que le Parlement europ\u00e9en\u00a0 adoptera des sanctions cibl\u00e9es \u00e0 l&rsquo;endroit de sept hauts responsables de la RDC accus\u00e9s d&rsquo;entraver le processus d\u00e9mocratique Les \u00e9chos qui nous parviennent du Parlement europ\u00e9en au sujet de la crise politique qui secoue la R\u00e9publique d\u00e9mocratique du Congo font \u00e9tat des sanctions cibl\u00e9es [&hellip;]<\/p>\n","protected":false},"author":1,"featured_media":18182,"comment_status":"open","ping_status":"open","sticky":false,"template":"","format":"standard","meta":{"footnotes":""},"categories":[136,134,130,5],"tags":[],"class_list":["post-18181","post","type-post","status-publish","format-standard","has-post-thumbnail","hentry","category-a-la-une","category-la-tempete-des-tropiques","category-nation","category-politique"],"_links":{"self":[{"href":"http:\/\/www.latempete.info\/index.php?rest_route=\/wp\/v2\/posts\/18181"}],"collection":[{"href":"http:\/\/www.latempete.info\/index.php?rest_route=\/wp\/v2\/posts"}],"about":[{"href":"http:\/\/www.latempete.info\/index.php?rest_route=\/wp\/v2\/types\/post"}],"author":[{"embeddable":true,"href":"http:\/\/www.latempete.info\/index.php?rest_route=\/wp\/v2\/users\/1"}],"replies":[{"embeddable":true,"href":"http:\/\/www.latempete.info\/index.php?rest_route=%2Fwp%2Fv2%2Fcomments&post=18181"}],"version-history":[{"count":1,"href":"http:\/\/www.latempete.info\/index.php?rest_route=\/wp\/v2\/posts\/18181\/revisions"}],"predecessor-version":[{"id":18183,"href":"http:\/\/www.latempete.info\/index.php?rest_route=\/wp\/v2\/posts\/18181\/revisions\/18183"}],"wp:featuredmedia":[{"embeddable":true,"href":"http:\/\/www.latempete.info\/index.php?rest_route=\/wp\/v2\/media\/18182"}],"wp:attachment":[{"href":"http:\/\/www.latempete.info\/index.php?rest_route=%2Fwp%2Fv2%2Fmedia&parent=18181"}],"wp:term":[{"taxonomy":"category","embeddable":true,"href":"http:\/\/www.latempete.info\/index.php?rest_route=%2Fwp%2Fv2%2Fcategories&post=18181"},{"taxonomy":"post_tag","embeddable":true,"href":"http:\/\/www.latempete.info\/index.php?rest_route=%2Fwp%2Fv2%2Ftags&post=18181"}],"curies":[{"name":"wp","href":"https:\/\/api.w.org\/{rel}","templated":true}]}}