{"id":18184,"date":"2016-12-12T08:43:03","date_gmt":"2016-12-12T08:43:03","guid":{"rendered":"http:\/\/www.latempete.info\/?p=18184"},"modified":"2016-12-12T08:43:03","modified_gmt":"2016-12-12T08:43:03","slug":"18184-2","status":"publish","type":"post","link":"http:\/\/www.latempete.info\/?p=18184","title":{"rendered":"Commune de Kimbaseke : Ins\u00e9curit\u00e9 grandissante sur la route Mokali"},"content":{"rendered":"<p style=\"text-align: justify;\">Depuis quelque temps, la route Mokali, l&rsquo;une des grandes art\u00e8res de la commune de Kimbaseke et seule entr\u00e9e principale des populations du quartier Malonda, commun\u00e9ment appel\u00e9 Ferbois, est aujourd&rsquo;hui, \u00e0 cause de l&rsquo;obscurit\u00e9, un site o\u00f9 r\u00e8gne une ins\u00e9curit\u00e9 caus\u00e9e par de jeunes d\u00e9linquants.<\/p>\n<p style=\"text-align: justify;\">Cette route est rest\u00e9e depuis pr\u00e8s de deux mois sans \u00e9clairage public et comme d&rsquo;habitude, les bandits profitent de cette obscurit\u00e9 pour indisposer les passants, surtout tous ceux qui descendent des bus pour retourner chez eux.<\/p>\n<p style=\"text-align: justify;\">Selon un jeune homme vendeur de cartes pr\u00e9pay\u00e9es : \u00a0\u00bb chaque jour\u00a0 vers\u00a0 21h30, il y a un groupe de jeunes gens qui viennent menacer tous ceux qui descendent des bus ici \u00e0 l&rsquo;arr\u00eat et leurs arrachent les biens des valeurs et l&rsquo;argent \u00ab\u00a0.<\/p>\n<p style=\"text-align: justify;\">Ce qui \u00e9tonnent le plus les habitants de ce quartier, c&rsquo;est qu&rsquo;il y a un poste de police qui n&rsquo;est pas loin de la o\u00f9 se produisent les \u00e9v\u00e9nements.<\/p>\n<p style=\"text-align: justify;\">Pour\u00a0 M. Paulin, deux fois victimes de ces actes de barbarie : \u00a0\u00bb nous vivons ici par la gr\u00e2ce de Dieu, parce que nous ne sommes pas s\u00e9curis\u00e9s, chaque jour nous sommes traumatis\u00e9s et personne vient \u00e0 notre secours et m\u00eame les agents de la police qui sont dans le parage ne parviennent pas \u00e0 ma\u00eetriser ces malfrats, \u00e0 quel saint nous vouer ? \u00a0\u00bb<\/p>\n<p><strong>Tous pour l&rsquo;\u00e9clairage public<\/strong><\/p>\n<p style=\"text-align: justify;\">\u00a0Pour la plupart de ces ceux qui habitent\u00a0 ce quartier, la solution \u00e0 ce probl\u00e8me passe par le r\u00e9tablissement\u00a0 de l&rsquo;\u00e9clairage public sur toute la route Mokali, parce que c&rsquo;est \u00e0 cause de l&rsquo;obscurit\u00e9 que cela arrive : \u00a0\u00bb nous en avons d\u00e9j\u00e0 marre c&rsquo;est pourquoi nous demandons au Gouverneur de nous devenir en aide en nous \u00e9clairant cette route, qu&rsquo;il demande aussi aux policiers de nous s\u00e9curiser \u00a0\u00bb s&rsquo;est plainte\u00a0 Mme\u00a0 Elyse Mboyo.<\/p>\n<p style=\"text-align: justify;\">Il faut signaler que dans d&rsquo;autres quartiers de la ville province de Kinshasa des malfrats op\u00e8rent m\u00eame pendant la journ\u00e9e sans \u00eatre appr\u00e9hend\u00e9s.\u00a0 C&rsquo;est pourquoi la population kinoise a toujours souhait\u00e9 qu&rsquo;on red\u00e9marre avec l&rsquo;op\u00e9ration kimya, pour l&rsquo;\u00e9pargner de tous ces cas d&rsquo;ins\u00e9curit\u00e9 r\u00e9gnant dans la ville.<\/p>\n<p>Par Thony Kambila<\/p>\n","protected":false},"excerpt":{"rendered":"<p>Depuis quelque temps, la route Mokali, l&rsquo;une des grandes art\u00e8res de la commune de Kimbaseke et seule entr\u00e9e principale des populations du quartier Malonda, commun\u00e9ment appel\u00e9 Ferbois, est aujourd&rsquo;hui, \u00e0 cause de l&rsquo;obscurit\u00e9, un site o\u00f9 r\u00e8gne une ins\u00e9curit\u00e9 caus\u00e9e par de jeunes d\u00e9linquants. Cette route est rest\u00e9e depuis pr\u00e8s de deux mois sans \u00e9clairage [&hellip;]<\/p>\n","protected":false},"author":1,"featured_media":0,"comment_status":"open","ping_status":"open","sticky":false,"template":"","format":"standard","meta":{"footnotes":""},"categories":[134,5,25],"tags":[],"class_list":["post-18184","post","type-post","status-publish","format-standard","hentry","category-la-tempete-des-tropiques","category-politique","category-province"],"_links":{"self":[{"href":"http:\/\/www.latempete.info\/index.php?rest_route=\/wp\/v2\/posts\/18184"}],"collection":[{"href":"http:\/\/www.latempete.info\/index.php?rest_route=\/wp\/v2\/posts"}],"about":[{"href":"http:\/\/www.latempete.info\/index.php?rest_route=\/wp\/v2\/types\/post"}],"author":[{"embeddable":true,"href":"http:\/\/www.latempete.info\/index.php?rest_route=\/wp\/v2\/users\/1"}],"replies":[{"embeddable":true,"href":"http:\/\/www.latempete.info\/index.php?rest_route=%2Fwp%2Fv2%2Fcomments&post=18184"}],"version-history":[{"count":1,"href":"http:\/\/www.latempete.info\/index.php?rest_route=\/wp\/v2\/posts\/18184\/revisions"}],"predecessor-version":[{"id":18185,"href":"http:\/\/www.latempete.info\/index.php?rest_route=\/wp\/v2\/posts\/18184\/revisions\/18185"}],"wp:attachment":[{"href":"http:\/\/www.latempete.info\/index.php?rest_route=%2Fwp%2Fv2%2Fmedia&parent=18184"}],"wp:term":[{"taxonomy":"category","embeddable":true,"href":"http:\/\/www.latempete.info\/index.php?rest_route=%2Fwp%2Fv2%2Fcategories&post=18184"},{"taxonomy":"post_tag","embeddable":true,"href":"http:\/\/www.latempete.info\/index.php?rest_route=%2Fwp%2Fv2%2Ftags&post=18184"}],"curies":[{"name":"wp","href":"https:\/\/api.w.org\/{rel}","templated":true}]}}