{"id":18207,"date":"2016-12-13T07:53:46","date_gmt":"2016-12-13T07:53:46","guid":{"rendered":"http:\/\/www.latempete.info\/?p=18207"},"modified":"2016-12-13T07:53:46","modified_gmt":"2016-12-13T07:53:46","slug":"absentes-des-negociations-directes-mp-rassemblement","status":"publish","type":"post","link":"http:\/\/www.latempete.info\/?p=18207","title":{"rendered":"Absentes des n\u00e9gociations directes MP-Rassemblement : Les Forces Centristes apportent leur soutien \u00e0 la m\u00e9diation de la CENCO"},"content":{"rendered":"<p style=\"text-align: justify;\">John\u00a0Mbaya Ntita, pr\u00e9sident national du Mouvement de r\u00e9veil de la jeunesse congolaise et coordonnateur national des Forces centristes ind\u00e9pendantes de la R\u00e9publique (FCIR), dit apporter le soutien de sa plateforme politique aux pourparlers de la\u00a0 \u00ab\u00a0derni\u00e8re chance\u00a0\u00bb qui se d\u00e9roulent actuellement au Centre interdioc\u00e9sain, sous la m\u00e9diation de la Conf\u00e9rence \u00e9piscopale nationale du Congo (Cenco).<\/p>\n<p style=\"text-align: justify;\">\u00ab\u00a0Nous pensons qu\u2019il faut laisser le temps au temps comme nous l\u2019avions dit \u00e0 l\u2019\u00e9poque. Nous \u00e9tions les premiers \u00e0 condamner les fameuses assises de la Cit\u00e9 de l\u2019Union africaine \u00e9tant donn\u00e9 qu\u2019elles ne portaient pas le caract\u00e8re inclusif.<\/p>\n<p style=\"text-align: justify;\">Pour r\u00e9soudre un probl\u00e8me politique, il faut associer tout le monde pour \u00e9viter des frustrations afin que les choses \u00e9voluent dans le bon sens\u00a0\u00bb, a dit John\u00a0Mbaya dans une d\u00e9claration.<\/p>\n<p style=\"text-align: justify;\">Lors du dialogue de la Cit\u00e9 de l\u2019Union Africaine, les Forces Centristes \u00e9taient la premi\u00e8re organisation politique du pays, selon son leader, \u00e0 appeler le facilitateur Edem Kodjo \u00e0 l\u2019ordre, lui demandant de tendre la main \u00e0 tout le monde, y compris au Rassemblement. Les Forces Centristes lancent un message de patriotisme aux participants du dialogue du centre interdioc\u00e9sain.<\/p>\n<p><strong>Message d\u2019interpellation<\/strong><\/p>\n<p style=\"text-align: justify;\">Pour les centristes, les d\u00e9l\u00e9gu\u00e9s aux n\u00e9gociations directes MP-Rassemblement repr\u00e9sentent les 80 millions des Congolais, pro-Kabila et pro-Tshisekedi. \u00ab\u00a0Nos tr\u00e8s chers fr\u00e8res et s\u0153urs, mettez vraiment de c\u00f4t\u00e9 vos sentiments politiques personnels et \u00e9go\u00efstes.<\/p>\n<p style=\"text-align: justify;\">Surpassez vos diff\u00e9rentes couleurs politiques, regardez la mis\u00e8re et la souffrance de votre propre peuple, regardez comment les Congolais sont clochardis\u00e9s et ne savent plus scolariser leurs enfants, consid\u00e9rez combien nos compatriotes meurent dans les diff\u00e9rents centres hospitaliers par manque de moyens pour se payer les soins appropri\u00e9s.<\/p>\n<p style=\"text-align: justify;\">Chers compatriotes, que cela puisse vous interpeller, mettez de l\u2019eau dans vos diff\u00e9rents vins, et faites en sorte que le peuple puisse se retrouver dans les r\u00e9solutions de ce v\u00e9ritable dialogue que les FCIR soutiennent de tout c\u0153ur\u00a0\u00bb, a lanc\u00e9 John Mbaya Ntita dans un message adress\u00e9 aux participants du dialogue II.<\/p>\n<p style=\"text-align: justify;\">Il esp\u00e8re que Dieu\u00a0 fasse sa gr\u00e2ce\u00a0 pour que les participants \u00e0 ce forum puissent apporter de tr\u00e8s bonnes r\u00e9solutions devant r\u00e9soudre la crise politique qui secoue le pays. En tant que centristes, m\u00eame si le courant de John Mbaya Ntita ne participe pas \u00e0 cette rencontre, ils apportent leur soutien sans faille aux bons offices de la Cenco.<\/p>\n<p style=\"text-align: justify;\">Pour lui, les 30 participants issus des signataires de l\u2019accord de la Cit\u00e9 de l\u2019UA et les non signataires, Rassemblement et alli\u00e9s, repr\u00e9sentent valablement la nation congolaise, et esp\u00e8re que les r\u00e9solutions qui y sortiront seront b\u00e9n\u00e9fiques pour la R\u00e9publique.<\/p>\n<p style=\"text-align: justify;\">\u00a0 \u00ab\u00a0Nous ne pouvons pas chercher une chose et son contraire. La Cenco aujourd\u2019hui n\u2019\u00e0 rien avoir avec la politique. Au contraire, c\u2019est un arbre au milieu du village sur lequel tout le monde doit se greffer pour pouvoir commencer sur de nouvelles bases.<\/p>\n<p style=\"text-align: justify;\">Nous avons vraiment foi en la Cenco. Et nous profitons de cette occasion pour f\u00e9liciter et encourager la Cenco pour sa mission de bons offices. Le bonheur du pays en d\u00e9pend\u00a0\u00bb, a\u2013t-il notamment d\u00e9clar\u00e9. Pour les FCIR, seules les \u00e9lections libres, d\u00e9mocratiques, cr\u00e9dibles et apais\u00e9es les int\u00e9ressent afin de se lancer dans la conqu\u00eate du pouvoir.<\/p>\n<p style=\"text-align: justify;\">Par God\u00e9 Kalonji<\/p>\n","protected":false},"excerpt":{"rendered":"<p>John\u00a0Mbaya Ntita, pr\u00e9sident national du Mouvement de r\u00e9veil de la jeunesse congolaise et coordonnateur national des Forces centristes ind\u00e9pendantes de la R\u00e9publique (FCIR), dit apporter le soutien de sa plateforme politique aux pourparlers de la\u00a0 \u00ab\u00a0derni\u00e8re chance\u00a0\u00bb qui se d\u00e9roulent actuellement au Centre interdioc\u00e9sain, sous la m\u00e9diation de la Conf\u00e9rence \u00e9piscopale nationale du Congo (Cenco). [&hellip;]<\/p>\n","protected":false},"author":1,"featured_media":18154,"comment_status":"open","ping_status":"open","sticky":false,"template":"","format":"standard","meta":{"footnotes":""},"categories":[136,134,130,5],"tags":[],"class_list":["post-18207","post","type-post","status-publish","format-standard","has-post-thumbnail","hentry","category-a-la-une","category-la-tempete-des-tropiques","category-nation","category-politique"],"_links":{"self":[{"href":"http:\/\/www.latempete.info\/index.php?rest_route=\/wp\/v2\/posts\/18207"}],"collection":[{"href":"http:\/\/www.latempete.info\/index.php?rest_route=\/wp\/v2\/posts"}],"about":[{"href":"http:\/\/www.latempete.info\/index.php?rest_route=\/wp\/v2\/types\/post"}],"author":[{"embeddable":true,"href":"http:\/\/www.latempete.info\/index.php?rest_route=\/wp\/v2\/users\/1"}],"replies":[{"embeddable":true,"href":"http:\/\/www.latempete.info\/index.php?rest_route=%2Fwp%2Fv2%2Fcomments&post=18207"}],"version-history":[{"count":1,"href":"http:\/\/www.latempete.info\/index.php?rest_route=\/wp\/v2\/posts\/18207\/revisions"}],"predecessor-version":[{"id":18208,"href":"http:\/\/www.latempete.info\/index.php?rest_route=\/wp\/v2\/posts\/18207\/revisions\/18208"}],"wp:featuredmedia":[{"embeddable":true,"href":"http:\/\/www.latempete.info\/index.php?rest_route=\/wp\/v2\/media\/18154"}],"wp:attachment":[{"href":"http:\/\/www.latempete.info\/index.php?rest_route=%2Fwp%2Fv2%2Fmedia&parent=18207"}],"wp:term":[{"taxonomy":"category","embeddable":true,"href":"http:\/\/www.latempete.info\/index.php?rest_route=%2Fwp%2Fv2%2Fcategories&post=18207"},{"taxonomy":"post_tag","embeddable":true,"href":"http:\/\/www.latempete.info\/index.php?rest_route=%2Fwp%2Fv2%2Ftags&post=18207"}],"curies":[{"name":"wp","href":"https:\/\/api.w.org\/{rel}","templated":true}]}}