{"id":18268,"date":"2016-12-14T10:08:34","date_gmt":"2016-12-14T10:08:34","guid":{"rendered":"http:\/\/www.latempete.info\/?p=18268"},"modified":"2016-12-14T10:08:34","modified_gmt":"2016-12-14T10:08:34","slug":"18268-2","status":"publish","type":"post","link":"http:\/\/www.latempete.info\/?p=18268","title":{"rendered":"N\u00e9gociations directes MP-Rassemblement sous la m\u00e9diation   de la CENCO : Les la\u00efcs catholiques appellent les participants \u00e0 la retenue"},"content":{"rendered":"<p style=\"text-align: justify;\">Dans un communiqu\u00e9 dat\u00e9 du 12 d\u00e9cembre 2016\u00a0 sign\u00e9 par Crispin Nlanda Ibanda, le Conseil de l&rsquo;Apostolat des La\u00efcs du Congo(CALCC) dit suivre avec attention la prise de parole des acteurs politiques engag\u00e9s dans les n\u00e9gociations directes MP-Rassemblement sous la m\u00e9diation de la CENCO et appelle ces derniers \u00e0 faire preuve de retenue.<\/p>\n<p style=\"text-align: justify;\">Le CALCC invite \u00e9galement tous les chr\u00e9tiens catholiques et\u00a0 les croyants \u00e0 accompagner par la pri\u00e8re le travail de la Conf\u00e9rence \u00e9piscopale nationale du Congo (CENCO) pour une solution rapide et salvatrice pour la RDC.<\/p>\n<p style=\"text-align: justify;\">Il salue par ailleurs le code de bonne conduite adopt\u00e9 \u00e0 cet effet, qui interdit notamment aux participants de faire des d\u00e9clarations publiques pouvant nuire au travail d\u00e9licat entrepris par les princes de l&rsquo;Eglise catholique romaine de la RDC, pour la recherche d&rsquo;une solution \u00e0 la grave crise qui menace la Nation.<\/p>\n<p style=\"text-align: justify;\">Pour faciliter la t\u00e2che de la CENCO, le CALCC conseille par ailleurs \u00e0 toute personne ou organisation non participante aux n\u00e9gociations et ayant une contribution pertinente de bien vouloir adresser sa proposition \u00e0 la composante \u00e0 laquelle elle s&rsquo;identifie.<\/p>\n<p style=\"text-align: justify;\">Crispin Nlanda Ibanda\u00a0 estime que la mission que les Ev\u00eaques assument par obligation de leurs charges pastorales ne pourra pas aboutir si les acteurs politiques ne fournissent pas, en eux-m\u00eames et par eux-m\u00eames, l&rsquo;effort de jouer franc jeu.<\/p>\n<p style=\"text-align: justify;\">Aussi rappelle-t-il qu&rsquo;il couve dans les grandes villes du pays, surtout \u00e0 Kinshasa, une vive tension qu&rsquo;aucune force ne saura maitriser.<\/p>\n<p style=\"text-align: justify;\">\u00a0\u00bb Quoiqu&rsquo;elle tienne pour ridicule cet exercice qui est \u00e0 la base de la bonne gouvernance et du progr\u00e8s des Nations, nous devons clairement et publiquement appeler notre classe politique \u00e0 l&rsquo;humilit\u00e9.<\/p>\n<p style=\"text-align: justify;\">L&rsquo;heure est venue pour chaque leader politique, du Pr\u00e9sident de la R\u00e9publique au Bourgmestre de Commune, de faire un examen de conscience afin de reconnaitre chacun sa part de responsabilit\u00e9 dans le drame que vit la Nation, puis avoir le courage de demander pardon au peuple et prendre l&rsquo;engagement ferme de renoncer \u00e0 toutes les pratiques vicieuses de ruse, d&rsquo;abus de pouvoir, de vol, d&rsquo;effusion de sang innocent\u2026 par lesquelles notre beau et grand pays est d\u00e9figur\u00e9.<\/p>\n<p style=\"text-align: justify;\">C&rsquo;est la condition sine qua non de la d\u00e9crispation tant recherch\u00e9e. Plus tard, \u00e7a sera trop tard \u00ab\u00a0, conclut le communiqu\u00e9 des La\u00efcs Catholiques.<\/p>\n<p>Par God\u00e9 Kalonji<\/p>\n","protected":false},"excerpt":{"rendered":"<p>Dans un communiqu\u00e9 dat\u00e9 du 12 d\u00e9cembre 2016\u00a0 sign\u00e9 par Crispin Nlanda Ibanda, le Conseil de l&rsquo;Apostolat des La\u00efcs du Congo(CALCC) dit suivre avec attention la prise de parole des acteurs politiques engag\u00e9s dans les n\u00e9gociations directes MP-Rassemblement sous la m\u00e9diation de la CENCO et appelle ces derniers \u00e0 faire preuve de retenue. Le CALCC [&hellip;]<\/p>\n","protected":false},"author":1,"featured_media":17730,"comment_status":"open","ping_status":"open","sticky":false,"template":"","format":"standard","meta":{"footnotes":""},"categories":[134,130,5],"tags":[],"class_list":["post-18268","post","type-post","status-publish","format-standard","has-post-thumbnail","hentry","category-la-tempete-des-tropiques","category-nation","category-politique"],"_links":{"self":[{"href":"http:\/\/www.latempete.info\/index.php?rest_route=\/wp\/v2\/posts\/18268"}],"collection":[{"href":"http:\/\/www.latempete.info\/index.php?rest_route=\/wp\/v2\/posts"}],"about":[{"href":"http:\/\/www.latempete.info\/index.php?rest_route=\/wp\/v2\/types\/post"}],"author":[{"embeddable":true,"href":"http:\/\/www.latempete.info\/index.php?rest_route=\/wp\/v2\/users\/1"}],"replies":[{"embeddable":true,"href":"http:\/\/www.latempete.info\/index.php?rest_route=%2Fwp%2Fv2%2Fcomments&post=18268"}],"version-history":[{"count":1,"href":"http:\/\/www.latempete.info\/index.php?rest_route=\/wp\/v2\/posts\/18268\/revisions"}],"predecessor-version":[{"id":18269,"href":"http:\/\/www.latempete.info\/index.php?rest_route=\/wp\/v2\/posts\/18268\/revisions\/18269"}],"wp:featuredmedia":[{"embeddable":true,"href":"http:\/\/www.latempete.info\/index.php?rest_route=\/wp\/v2\/media\/17730"}],"wp:attachment":[{"href":"http:\/\/www.latempete.info\/index.php?rest_route=%2Fwp%2Fv2%2Fmedia&parent=18268"}],"wp:term":[{"taxonomy":"category","embeddable":true,"href":"http:\/\/www.latempete.info\/index.php?rest_route=%2Fwp%2Fv2%2Fcategories&post=18268"},{"taxonomy":"post_tag","embeddable":true,"href":"http:\/\/www.latempete.info\/index.php?rest_route=%2Fwp%2Fv2%2Ftags&post=18268"}],"curies":[{"name":"wp","href":"https:\/\/api.w.org\/{rel}","templated":true}]}}