{"id":18284,"date":"2016-12-15T08:05:59","date_gmt":"2016-12-15T08:05:59","guid":{"rendered":"http:\/\/www.latempete.info\/?p=18284"},"modified":"2016-12-15T08:05:59","modified_gmt":"2016-12-15T08:05:59","slug":"18284-2","status":"publish","type":"post","link":"http:\/\/www.latempete.info\/?p=18284","title":{"rendered":"Ce jeudi 15 septembre 2016 : Cl\u00f4ture des travaux de la derni\u00e8re session parlementaire"},"content":{"rendered":"<p style=\"text-align: justify;\">Deuxi\u00e8me institution du pays apr\u00e8s le Pr\u00e9sident de la R\u00e9publique et avant l\u2019ex\u00e9cutif et le judiciaire \u00e0 laquelle se greffe souvent la presse consid\u00e9r\u00e9e comme quatri\u00e8me pouvoir, le parlement congolais, bicam\u00e9ral, compos\u00e9 de deux chambres, l\u2019Assembl\u00e9e nationale et le S\u00e9nat, va cl\u00f4turer demain jeudi 15 septembre 2016 sa session budg\u00e9taire du mois de septembre.\u00a0 Celle-ci va consacrer le d\u00e9but de la fin de la l\u00e9gislature actuelle.<\/p>\n<p style=\"text-align: justify;\">La cl\u00f4ture de la derni\u00e8re session parlementaire intervient dans un contexte de crise annonc\u00e9e que traverse d\u00e9j\u00e0 le pays.\u00a0 Crise dite de l\u00e9gitimit\u00e9 pourtant index\u00e9e dans le pr\u00e9ambule de la constitution et qui est \u00e0 la base des r\u00e9currentes crises qu\u2019a toujours connues la RDC.<\/p>\n<p style=\"text-align: justify;\">\u00a0\u00a0 En clair, celle-ci va prendre corps avec la fin du r\u00e9gime pr\u00e9sidentiel de Joseph Kabila \u00e0 partir du 19 d\u00e9cembre 2016, dans quatre jours exactement. A moins que les acteurs politiques actuellement r\u00e9unis autour d\u2019une table des n\u00e9gociations au centre interdioc\u00e9sain ne parviennent \u00e0 un consensus\u00a0 pour d\u00e9nouer la crise en vue.<\/p>\n<p style=\"text-align: justify;\">Point n\u2019est besoin de rappeler que la crise pr\u00e9sentement d\u00e9plor\u00e9e plonge ses racines dans le d\u00e9faut d\u2019organisation des \u00e9lections dans le d\u00e9lai fix\u00e9 par la constitution.<\/p>\n<p style=\"text-align: justify;\">C\u2019est \u00e0 partir du 15 janvier 2017, en effet, que le vide juridique devrait se manifester au niveau de l\u2019Assembl\u00e9e nationale.\u00a0 Les 500 d\u00e9put\u00e9s et 180 s\u00e9nateurs que compte l\u2019institution l\u00e9gislative ne sauraient reprendre le chemin de l\u2019h\u00e9micycle, sauf glissement \u00e0 la mani\u00e8re de la chambre haute fin mandat depuis 2011.<\/p>\n<p style=\"text-align: justify;\">En d\u00e9pit de l\u2019\u00e9piph\u00e9nom\u00e8ne actuelle, force est de reconnaitre que les deux chambres se sont engag\u00e9es \u00e0 fond au regard du travail parlementaire r\u00e9alis\u00e9 au cours de la l\u00e9gislature actuelle finissante.\u00a0 Quand bien m\u00eame on ne s\u2019est pas emp\u00each\u00e9 de constater l\u2019interf\u00e9rence de l\u2019institution Pr\u00e9sident de la R\u00e9publique dans les affaires du parlement, principalement au niveau de la chambre basse.<\/p>\n<p style=\"text-align: justify;\">Dans une d\u00e9mocratie naissante, cette main mise peut se comprendre mais ne peut se justifier.\u00a0 Il est \u00e9galement \u00e0 d\u00e9plorer le fait que certaines lois vot\u00e9es au parlement n\u2019ont jamais fait l\u2019objet d\u2019une quelconque promulgation dans le journal officiel.<\/p>\n<p style=\"text-align: justify;\">Pour l\u2019heure, le peuple congolais a les regards tourn\u00e9s vers le centre interdioc\u00e9sain o\u00f9 se d\u00e9roulent des pourparlers politiques susceptibles d\u2019aplanir des divergences et balayer d\u2019un trait les incertitudes des lendemains politiques d\u2019apr\u00e8s la date fatidique du 19 d\u00e9cembre 2016.<\/p>\n<p style=\"text-align: justify;\">Le cas de jurisprudence actuelle occasionn\u00e9 par la non organisation des \u00e9lections en rapport avec le d\u00e9lai fix\u00e9 par la constitution doit s\u2019inscrire dans une page qu\u2019il ne faut pas tourner mais qu\u2019il faut absolument d\u00e9chirer.<\/p>\n<p style=\"text-align: justify;\">En attendant, \u00e0 la prochaine rentr\u00e9e parlementaire pr\u00e9vue en janvier 2017, les d\u00e9put\u00e9s actuels pourraient assumer leur propre int\u00e9rim, sauf d\u00e9cision contraire. Pour l\u2019heure, une seule recommandation\u00a0doit \u00eatre formul\u00e9e \u00e0 savoir\u00a0 plus jamais \u00e7a.<\/p>\n<p style=\"text-align: justify;\">Par GO<\/p>\n","protected":false},"excerpt":{"rendered":"<p>Deuxi\u00e8me institution du pays apr\u00e8s le Pr\u00e9sident de la R\u00e9publique et avant l\u2019ex\u00e9cutif et le judiciaire \u00e0 laquelle se greffe souvent la presse consid\u00e9r\u00e9e comme quatri\u00e8me pouvoir, le parlement congolais, bicam\u00e9ral, compos\u00e9 de deux chambres, l\u2019Assembl\u00e9e nationale et le S\u00e9nat, va cl\u00f4turer demain jeudi 15 septembre 2016 sa session budg\u00e9taire du mois de septembre.\u00a0 Celle-ci [&hellip;]<\/p>\n","protected":false},"author":1,"featured_media":1325,"comment_status":"open","ping_status":"open","sticky":false,"template":"","format":"standard","meta":{"footnotes":""},"categories":[136,134,130,5],"tags":[],"class_list":["post-18284","post","type-post","status-publish","format-standard","has-post-thumbnail","hentry","category-a-la-une","category-la-tempete-des-tropiques","category-nation","category-politique"],"_links":{"self":[{"href":"http:\/\/www.latempete.info\/index.php?rest_route=\/wp\/v2\/posts\/18284"}],"collection":[{"href":"http:\/\/www.latempete.info\/index.php?rest_route=\/wp\/v2\/posts"}],"about":[{"href":"http:\/\/www.latempete.info\/index.php?rest_route=\/wp\/v2\/types\/post"}],"author":[{"embeddable":true,"href":"http:\/\/www.latempete.info\/index.php?rest_route=\/wp\/v2\/users\/1"}],"replies":[{"embeddable":true,"href":"http:\/\/www.latempete.info\/index.php?rest_route=%2Fwp%2Fv2%2Fcomments&post=18284"}],"version-history":[{"count":1,"href":"http:\/\/www.latempete.info\/index.php?rest_route=\/wp\/v2\/posts\/18284\/revisions"}],"predecessor-version":[{"id":18285,"href":"http:\/\/www.latempete.info\/index.php?rest_route=\/wp\/v2\/posts\/18284\/revisions\/18285"}],"wp:featuredmedia":[{"embeddable":true,"href":"http:\/\/www.latempete.info\/index.php?rest_route=\/wp\/v2\/media\/1325"}],"wp:attachment":[{"href":"http:\/\/www.latempete.info\/index.php?rest_route=%2Fwp%2Fv2%2Fmedia&parent=18284"}],"wp:term":[{"taxonomy":"category","embeddable":true,"href":"http:\/\/www.latempete.info\/index.php?rest_route=%2Fwp%2Fv2%2Fcategories&post=18284"},{"taxonomy":"post_tag","embeddable":true,"href":"http:\/\/www.latempete.info\/index.php?rest_route=%2Fwp%2Fv2%2Ftags&post=18284"}],"curies":[{"name":"wp","href":"https:\/\/api.w.org\/{rel}","templated":true}]}}