{"id":18286,"date":"2016-12-15T08:11:29","date_gmt":"2016-12-15T08:11:29","guid":{"rendered":"http:\/\/www.latempete.info\/?p=18286"},"modified":"2016-12-15T08:12:09","modified_gmt":"2016-12-15T08:12:09","slug":"18286-2","status":"publish","type":"post","link":"http:\/\/www.latempete.info\/?p=18286","title":{"rendered":"Dialogue II : le MLC retourne \u00e0 la table des n\u00e9gociations"},"content":{"rendered":"<p style=\"text-align: justify;\">Le Mouvement de lib\u00e9ration du Congo (MLC) et sa plateforme d\u00e9nomm\u00e9e Front pour le Respect de la Constitution (FRC), d\u00e9cident de retourner \u00e0 la table des n\u00e9gociations, dans le cadre du dialogue II organis\u00e9 sous les auspices de la Commission \u00e9piscopale nationale du Congo (Cenco).<\/p>\n<p style=\"text-align: justify;\">Dans une d\u00e9claration faite hier mercredi et sign\u00e9e par Eve Baza\u00efba Masudi, coordonatrice g\u00e9n\u00e9rale du FRC et secr\u00e9taire g\u00e9n\u00e9ral du MLC, il est signal\u00e9 qu\u2019\u00a0\u00ab\u00a0\u00e0 la suite de la d\u00e9claration du Front pour le respect de la Constitution de se retirer du dialogue, le nonce apostolique, SE Mgr Luis Mariano Montemayor, a invit\u00e9 \u00e0 une r\u00e9union restreinte une d\u00e9l\u00e9gation de la Cenco conduite par son pr\u00e9sident Mgr Marcel Utembi, archev\u00eaque de Kisangani, et celle du front, conduite par sa coordonnatrice, l\u2019honorable Eve Baza\u00efba Masudi, secr\u00e9taire g\u00e9n\u00e9rale du Mouvement de lib\u00e9ration du Congo\u00a0\u00bb.<\/p>\n<p style=\"text-align: justify;\">Ainsi, au vu de la d\u00e9marche du repr\u00e9sentant du Vatican, de la Cenco et de nombreux partenaires nationaux et internationaux, le Front, apr\u00e8s consultation de ses organes, \u00ab\u00a0 a accept\u00e9 d\u2019assouplir sa d\u00e9cision afin d\u2019envisager la possibilit\u00e9 de reprendre sa place dans ce dialogue pour sortir le pays de la crise\u00a0\u00bb, peut-on lire dans ce document. Ce, pour que r\u00e8gnent la paix et la concorde nationale.<\/p>\n<p style=\"text-align: justify;\">Pour rappel, le MLC et alli\u00e9s avaient suspendu leur participation auxdites assises en date du 9 d\u00e9cembre 2016 \u00ab\u00a0dans l\u2019unique but de solliciter plus de consid\u00e9ration et d\u2019\u00e9quit\u00e9 ainsi qu\u2019une meilleure repr\u00e9sentation au sein des commissions\u00a0\u00bb. Aujourd\u2019hui, en toute responsabilit\u00e9, ils reprennent les travaux aux c\u00f4t\u00e9s des autres forces politiques et sociales.<\/p>\n<p style=\"text-align: justify;\">D\u2019ailleurs, dans son communiqu\u00e9 de presse du mardi 13 d\u00e9cembre, la Cenco avait relev\u00e9 l\u2019absence des d\u00e9l\u00e9gu\u00e9s du Front pour le respect de la Constitution, alors que tous les autres participants avaient r\u00e9pondu pr\u00e9sent au rendez-vous, apr\u00e8s la suspension des travaux le 9 d\u00e9cembre.<\/p>\n<p style=\"text-align: justify;\">Pour l\u2019heure, apprend-t-on, au Centre interdioc\u00e9sain, les travaux ont pris une vitesse de croisi\u00e8re. Les commissions travaillent d\u2019arrache-pied pour produire des r\u00e9solutions susceptibles de contenter la population qui tient au respect des textes.<\/p>\n<p style=\"text-align: justify;\">Le Rassemblement tient, par exemple, \u00e0 la fin de ce dialogue aujourd\u2019hui jeudi 15 d\u00e9cembre. Pour la Cenco, la cl\u00f4ture pourra intervenir \u00e0 la fin de cette semaine, soit samedi 17 d\u00e9cembre prochain. Alors qu\u2019une autre cat\u00e9gorie de participants souhaite ce forum aille au-del\u00e0 du 19 d\u00e9cembre 2016.<\/p>\n<p style=\"text-align: justify;\">Par LM<\/p>\n","protected":false},"excerpt":{"rendered":"<p>Le Mouvement de lib\u00e9ration du Congo (MLC) et sa plateforme d\u00e9nomm\u00e9e Front pour le Respect de la Constitution (FRC), d\u00e9cident de retourner \u00e0 la table des n\u00e9gociations, dans le cadre du dialogue II organis\u00e9 sous les auspices de la Commission \u00e9piscopale nationale du Congo (Cenco). Dans une d\u00e9claration faite hier mercredi et sign\u00e9e par Eve [&hellip;]<\/p>\n","protected":false},"author":1,"featured_media":18287,"comment_status":"open","ping_status":"open","sticky":false,"template":"","format":"standard","meta":{"footnotes":""},"categories":[136,134,130,5],"tags":[],"class_list":["post-18286","post","type-post","status-publish","format-standard","has-post-thumbnail","hentry","category-a-la-une","category-la-tempete-des-tropiques","category-nation","category-politique"],"_links":{"self":[{"href":"http:\/\/www.latempete.info\/index.php?rest_route=\/wp\/v2\/posts\/18286"}],"collection":[{"href":"http:\/\/www.latempete.info\/index.php?rest_route=\/wp\/v2\/posts"}],"about":[{"href":"http:\/\/www.latempete.info\/index.php?rest_route=\/wp\/v2\/types\/post"}],"author":[{"embeddable":true,"href":"http:\/\/www.latempete.info\/index.php?rest_route=\/wp\/v2\/users\/1"}],"replies":[{"embeddable":true,"href":"http:\/\/www.latempete.info\/index.php?rest_route=%2Fwp%2Fv2%2Fcomments&post=18286"}],"version-history":[{"count":2,"href":"http:\/\/www.latempete.info\/index.php?rest_route=\/wp\/v2\/posts\/18286\/revisions"}],"predecessor-version":[{"id":18289,"href":"http:\/\/www.latempete.info\/index.php?rest_route=\/wp\/v2\/posts\/18286\/revisions\/18289"}],"wp:featuredmedia":[{"embeddable":true,"href":"http:\/\/www.latempete.info\/index.php?rest_route=\/wp\/v2\/media\/18287"}],"wp:attachment":[{"href":"http:\/\/www.latempete.info\/index.php?rest_route=%2Fwp%2Fv2%2Fmedia&parent=18286"}],"wp:term":[{"taxonomy":"category","embeddable":true,"href":"http:\/\/www.latempete.info\/index.php?rest_route=%2Fwp%2Fv2%2Fcategories&post=18286"},{"taxonomy":"post_tag","embeddable":true,"href":"http:\/\/www.latempete.info\/index.php?rest_route=%2Fwp%2Fv2%2Ftags&post=18286"}],"curies":[{"name":"wp","href":"https:\/\/api.w.org\/{rel}","templated":true}]}}