{"id":18290,"date":"2016-12-15T08:16:46","date_gmt":"2016-12-15T08:16:46","guid":{"rendered":"http:\/\/www.latempete.info\/?p=18290"},"modified":"2016-12-15T08:31:35","modified_gmt":"2016-12-15T08:31:35","slug":"19-decembre-la-monusco-prete-a-toutes-eventualites","status":"publish","type":"post","link":"http:\/\/www.latempete.info\/?p=18290","title":{"rendered":"19 d\u00e9cembre : la MONUSCO pr\u00eate \u00e0 toutes \u00e9ventualit\u00e9s"},"content":{"rendered":"<p style=\"text-align: justify;\"><em><strong>Avec un plan de contingence \u00e0 sa disposition, la mission onusienne souhaite l\u2019aboutissement heureux des N\u00e9gociations directes sous la m\u00e9diation de la CENCO <\/strong><\/em><\/p>\n<p>Suite \u00e0 la psychose\u00a0 r\u00e9gnant dans le pays \u00e0 l\u2019approche de la date de 19 d\u00e9cembre prochain, sanctionnant la fin du mandat constitutionnel de l\u2019actuel pr\u00e9sident de la R\u00e9publique, des strat\u00e9gies sont arr\u00eat\u00e9es afin de\u00a0 pr\u00e9venir d\u2019\u00e9ventuels\u00a0 d\u00e9rapages.<\/p>\n<p style=\"text-align: justify;\">La Mission de l\u2019Organisation des Nations Unies pour la Stabilisation en R\u00e9publique D\u00e9mocratique du Congo (MONUSCO) se pr\u00e9pare d\u00e9j\u00e0 pour faire face \u00e0 toutes les situations.<\/p>\n<p style=\"text-align: justify;\">C\u2019est au cours de la conf\u00e9rence hebdomadaire de la MONUSCO, organis\u00e9e hier mercredi 14 d\u00e9cembre, que les professionnels des m\u00e9dias ont \u00e9t\u00e9 mis au courant de l\u2019action qui sera men\u00e9e pr\u00e9cis\u00e9ment \u00e0 la date pr\u00e9cit\u00e9e.<\/p>\n<p style=\"text-align: justify;\">Selon le Porte-parole a.i de la MONUSCO,\u00a0 Th\u00e9ophane Kinda, \u00ab\u00a0la MONUSCO et les Nations Unies dans son ensemble ont pr\u00e9par\u00e9 un plan de contingence.\u00a0 C\u2019est un plan de protection appropri\u00e9e en cas de d\u00e9t\u00e9rioration de la situation. En termes clair, nous avons renforc\u00e9 notre pr\u00e9sence \u00e0 Kinshasa, Lubumbashi, Goma, etc.<\/p>\n<p style=\"text-align: justify;\">Nous avons aussi renforc\u00e9 des patrouilles de jour comme de nuit et notre capacit\u00e9 de surveillance. En plus de cela, nous avons aussi des \u00e9quipes mobiles d\u2019\u00e9valuation et de suivi pour voir comment la situation \u00e9volue, et en cas de n\u00e9cessit\u00e9 nous sommes pr\u00eats \u00e0 intervenir sans \u00eatre surpris\u00a0\u00bb.<\/p>\n<p style=\"text-align: justify;\">C\u2019est dans ce cadre, poursuit-il, que la MONUSCO a aussi appuy\u00e9 la Police Nationale Congolaise (PNC) de fa\u00e7on \u00e0 les aguerrir et leur donner des \u00e9l\u00e9ments d\u2019informations. \u00ab\u00a0Ils seront \u00e9galement sensibilis\u00e9s sur comment faire une gestion d\u00e9mocratique de foules, ce qui implique le respect scrupuleux des droits de l\u2019homme et l\u2019utilisation non excessive de la force, et nous recommandons la non utilisation des armes l\u00e9tales\u00a0\u00bb a signifi\u00e9 Th\u00e9ophane Kinda.<\/p>\n<p style=\"text-align: justify;\">Cependant, l\u2019orateur a esp\u00e9r\u00e9 qu\u2019ils ne vont pas pouvoir mettre en \u0153uvre ce plan de contingence s\u2019il y a un consensus entrainant la paix\u00a0 et \u00e9loignant\u00a0 la violence ou les d\u00e9rapages. Concernant le nombre de soldats \u00e0 d\u00e9ployer sur le terrain, le porte-parole a.i de la MONUSCO a d\u00e9clar\u00e9 ne pas pouvoir donner de chiffre exact.\u00a0 Il a toutefois signal\u00e9 qu\u2019ils \u00e9taient pass\u00e9s de deux \u00e0 quatre compagnies.<\/p>\n<p style=\"text-align: justify;\"><strong>Dialogue, l\u2019unique solution \u00e0 la crise<\/strong><\/p>\n<p style=\"text-align: justify;\">Pour sortir la RDC de l\u2019impasse dans laquelle elle se trouve actuellement, Th\u00e9ophane Kinda soutient tout simplement la voie du dialogue, avant de rappeler que la MONUSCO a toujours soutenu les diff\u00e9rentes discussions initi\u00e9es par certaines organisations internationales. \u00ab\u00a0Nous avons toujours dit que c\u2019est le dialogue qui doit pr\u00e9valoir.<\/p>\n<p style=\"text-align: justify;\">Nous devons discuter. Et en dehors du dialogue il n\u2019y a pas d\u2019autres issues. Donc nous esp\u00e9rons qu\u2019\u00e0 l\u2019issue des n\u00e9gociations qui sont en cours au Centre interdioc\u00e9sain, il y aura un Accord qui va nous \u00e9viter de faire des hypoth\u00e8ses comme nous les faisons maintenant.<\/p>\n<p style=\"text-align: justify;\">Nous avons foi et esp\u00e9rons que des solutions pourront sortir de ce dialogue en cours avec la Conf\u00e9rence Episcopale Nationale du Congo (CENCO)\u00a0\u00bb,a-t-il soutenu.<\/p>\n<p style=\"text-align: justify;\">Par Tantia Sakata<\/p>\n","protected":false},"excerpt":{"rendered":"<p>Avec un plan de contingence \u00e0 sa disposition, la mission onusienne souhaite l\u2019aboutissement heureux des N\u00e9gociations directes sous la m\u00e9diation de la CENCO Suite \u00e0 la psychose\u00a0 r\u00e9gnant dans le pays \u00e0 l\u2019approche de la date de 19 d\u00e9cembre prochain, sanctionnant la fin du mandat constitutionnel de l\u2019actuel pr\u00e9sident de la R\u00e9publique, des strat\u00e9gies sont [&hellip;]<\/p>\n","protected":false},"author":1,"featured_media":17899,"comment_status":"open","ping_status":"open","sticky":false,"template":"","format":"standard","meta":{"footnotes":""},"categories":[136,134,130,5],"tags":[],"class_list":["post-18290","post","type-post","status-publish","format-standard","has-post-thumbnail","hentry","category-a-la-une","category-la-tempete-des-tropiques","category-nation","category-politique"],"_links":{"self":[{"href":"http:\/\/www.latempete.info\/index.php?rest_route=\/wp\/v2\/posts\/18290"}],"collection":[{"href":"http:\/\/www.latempete.info\/index.php?rest_route=\/wp\/v2\/posts"}],"about":[{"href":"http:\/\/www.latempete.info\/index.php?rest_route=\/wp\/v2\/types\/post"}],"author":[{"embeddable":true,"href":"http:\/\/www.latempete.info\/index.php?rest_route=\/wp\/v2\/users\/1"}],"replies":[{"embeddable":true,"href":"http:\/\/www.latempete.info\/index.php?rest_route=%2Fwp%2Fv2%2Fcomments&post=18290"}],"version-history":[{"count":2,"href":"http:\/\/www.latempete.info\/index.php?rest_route=\/wp\/v2\/posts\/18290\/revisions"}],"predecessor-version":[{"id":18292,"href":"http:\/\/www.latempete.info\/index.php?rest_route=\/wp\/v2\/posts\/18290\/revisions\/18292"}],"wp:featuredmedia":[{"embeddable":true,"href":"http:\/\/www.latempete.info\/index.php?rest_route=\/wp\/v2\/media\/17899"}],"wp:attachment":[{"href":"http:\/\/www.latempete.info\/index.php?rest_route=%2Fwp%2Fv2%2Fmedia&parent=18290"}],"wp:term":[{"taxonomy":"category","embeddable":true,"href":"http:\/\/www.latempete.info\/index.php?rest_route=%2Fwp%2Fv2%2Fcategories&post=18290"},{"taxonomy":"post_tag","embeddable":true,"href":"http:\/\/www.latempete.info\/index.php?rest_route=%2Fwp%2Fv2%2Ftags&post=18290"}],"curies":[{"name":"wp","href":"https:\/\/api.w.org\/{rel}","templated":true}]}}