{"id":18306,"date":"2016-12-15T09:13:07","date_gmt":"2016-12-15T09:13:07","guid":{"rendered":"http:\/\/www.latempete.info\/?p=18306"},"modified":"2016-12-15T09:13:07","modified_gmt":"2016-12-15T09:13:07","slug":"18306-2","status":"publish","type":"post","link":"http:\/\/www.latempete.info\/?p=18306","title":{"rendered":"Dialogue II : L\u2019UR exige la lib\u00e9ration de Norbert Luyeye avant le 19 d\u00e9cembre"},"content":{"rendered":"<p style=\"text-align: justify;\">Dans une mise au point faite le lundi 12 d\u00e9cembre dernier par son secr\u00e9taire g\u00e9n\u00e9ral, Jean Luvualu Ekombe, l\u2019Union des R\u00e9publicains (UR) exige la lib\u00e9ration de son pr\u00e9sident national, Norbert Luyeye, avant le 19 d\u00e9cembre 2016, date marquant la fin du mandat constitutionnel du pr\u00e9sident de la R\u00e9publique Joseph Kabila.<\/p>\n<p style=\"text-align: justify;\">Ce message est lanc\u00e9 \u00e0 l\u2019endroit des \u00e9v\u00eaques catholiques de la Commission Episcopale Nationale du Congo (CENCO) qui offre ses bons offices pour la r\u00e9ussite de ce deuxi\u00e8me dialogue, apr\u00e8s celui de la Cit\u00e9 de l\u2019Union africaine, qui se tient au Centre interdioc\u00e9sain, dans la commune de la Gombe.<\/p>\n<p style=\"text-align: justify;\">L\u2019Union des r\u00e9publicains rappelle que Norbert Luyeye et ses proches ont \u00e9t\u00e9 enlev\u00e9s en date du 7 ao\u00fbt 2016 dans sa r\u00e9sidence de N\u2019Djili, et \u00ab\u00a0d\u00e9tenu ill\u00e9galement au cachot du Renseignement militaire \u00e0 cause de ses opinions\u00a0\u00bb, peut-on lire dans cette mise au point.<\/p>\n<p style=\"text-align: justify;\">Ce parti profite de cette occasion pour demander \u00e9galement la lib\u00e9ration, dans l\u2019imm\u00e9diat, d\u2019autres prisonniers politiques et d\u2019opinion.<\/p>\n<p style=\"text-align: justify;\">\u00ab\u00a0Ainsi donc, nous attendons des signaux forts avant le 19 d\u00e9cembre 2016 de la part du r\u00e9gime au pouvoir pour mettre fin \u00e0 la tension qui ne cesse de s\u2019accentuer \u00e0 travers la R\u00e9publique d\u00e9mocratique du Congo\u00a0\u00bb, conclut ce document.<\/p>\n<p style=\"text-align: justify;\">Par LM<\/p>\n","protected":false},"excerpt":{"rendered":"<p>Dans une mise au point faite le lundi 12 d\u00e9cembre dernier par son secr\u00e9taire g\u00e9n\u00e9ral, Jean Luvualu Ekombe, l\u2019Union des R\u00e9publicains (UR) exige la lib\u00e9ration de son pr\u00e9sident national, Norbert Luyeye, avant le 19 d\u00e9cembre 2016, date marquant la fin du mandat constitutionnel du pr\u00e9sident de la R\u00e9publique Joseph Kabila. Ce message est lanc\u00e9 \u00e0 [&hellip;]<\/p>\n","protected":false},"author":1,"featured_media":18307,"comment_status":"open","ping_status":"open","sticky":false,"template":"","format":"standard","meta":{"footnotes":""},"categories":[134,130,5],"tags":[],"class_list":["post-18306","post","type-post","status-publish","format-standard","has-post-thumbnail","hentry","category-la-tempete-des-tropiques","category-nation","category-politique"],"_links":{"self":[{"href":"http:\/\/www.latempete.info\/index.php?rest_route=\/wp\/v2\/posts\/18306"}],"collection":[{"href":"http:\/\/www.latempete.info\/index.php?rest_route=\/wp\/v2\/posts"}],"about":[{"href":"http:\/\/www.latempete.info\/index.php?rest_route=\/wp\/v2\/types\/post"}],"author":[{"embeddable":true,"href":"http:\/\/www.latempete.info\/index.php?rest_route=\/wp\/v2\/users\/1"}],"replies":[{"embeddable":true,"href":"http:\/\/www.latempete.info\/index.php?rest_route=%2Fwp%2Fv2%2Fcomments&post=18306"}],"version-history":[{"count":1,"href":"http:\/\/www.latempete.info\/index.php?rest_route=\/wp\/v2\/posts\/18306\/revisions"}],"predecessor-version":[{"id":18308,"href":"http:\/\/www.latempete.info\/index.php?rest_route=\/wp\/v2\/posts\/18306\/revisions\/18308"}],"wp:featuredmedia":[{"embeddable":true,"href":"http:\/\/www.latempete.info\/index.php?rest_route=\/wp\/v2\/media\/18307"}],"wp:attachment":[{"href":"http:\/\/www.latempete.info\/index.php?rest_route=%2Fwp%2Fv2%2Fmedia&parent=18306"}],"wp:term":[{"taxonomy":"category","embeddable":true,"href":"http:\/\/www.latempete.info\/index.php?rest_route=%2Fwp%2Fv2%2Fcategories&post=18306"},{"taxonomy":"post_tag","embeddable":true,"href":"http:\/\/www.latempete.info\/index.php?rest_route=%2Fwp%2Fv2%2Ftags&post=18306"}],"curies":[{"name":"wp","href":"https:\/\/api.w.org\/{rel}","templated":true}]}}