{"id":18329,"date":"2016-12-16T08:03:33","date_gmt":"2016-12-16T08:03:33","guid":{"rendered":"http:\/\/www.latempete.info\/?p=18329"},"modified":"2016-12-16T08:03:33","modified_gmt":"2016-12-16T08:03:33","slug":"18329-2","status":"publish","type":"post","link":"http:\/\/www.latempete.info\/?p=18329","title":{"rendered":"Le S\u00e9nat en session extraordinaire d\u00e8s ce samedi : L\u00e9on Kengo juge positif le bilan de la session de septembre 2016"},"content":{"rendered":"<p style=\"text-align: justify;\">Le Pr\u00e9sident du S\u00e9nat, L\u00e9on Kengo wa Dondo a cl\u00f4tur\u00e9 hier jeudi la session ordinaire de septembre 2016 et salu\u00e9 par la m\u00eame occasion le travail abattu par les s\u00e9nateurs pendant cette session. Selon lui, le calendrier des travaux de cette session a \u00e9t\u00e9 globalement respect\u00e9.<\/p>\n<p style=\"text-align: justify;\">\u00a0\u00bb Outre la validation des pouvoirs de quatre s\u00e9nateurs, la majorit\u00e9 des mati\u00e8res inscrites \u00e0 ce calendrier ont \u00e9t\u00e9 examin\u00e9s\u00a0\u00bb, a-t-il d\u00e9clar\u00e9 dans son allocution \u00e0 l&rsquo;occasion de la cl\u00f4ture de la session ordinaire de Septembre 2016, le jeudi 15 D\u00e9cembre 2016, avant d&rsquo;annoncer la convocation de la chambre haute du parlement en session extraordinaire d\u00e8s ce samedi 17 d\u00e9cembre .<\/p>\n<p style=\"text-align: justify;\">Le\u00f3n Kengo wa Dondo a indiqu\u00e9 que la session de Septembre 2016 \u00e9tait globalement budg\u00e9taire. Sur le plan l\u00e9gislatif, six lois ont \u00e9t\u00e9 adopt\u00e9es.<\/p>\n<p style=\"text-align: justify;\">Parmi lesquelles, trois lois d&rsquo;autorisation de ratification des accords internationaux, une loi organique portant organisation et fonctionnement de la Banque Centrale,\u00a0 la loi portant statut particulier du personnel de l&rsquo;enseignement sup\u00e9rieur et universitaire, tr\u00e8s attendue par les int\u00e9ress\u00e9s, et la loi de reddition des comptes du budget du Gouvernement\u00a0 central pour l&rsquo;exercice 2015.<\/p>\n<p style=\"text-align: justify;\">Dans le domaine du contr\u00f4le parlementaire, le s\u00e9nat a adopt\u00e9 trois s\u00e9ries de recommandations formul\u00e9es par trois s\u00e9nateurs \u00e0 la suite de leurs questions orales adress\u00e9es \u00e0 quelques membres du gouvernement.<\/p>\n<p style=\"text-align: justify;\">Il s&rsquo;agit de la question orale avec d\u00e9bat du s\u00e9nateur Chiribagula, adress\u00e9e au Ministre des Hydrocarbures; celle du s\u00e9nateur Ndjoli, adress\u00e9e au Ministre de la D\u00e9fense, sur la situation s\u00e9curitaire \u00e0 l&rsquo;est du pays ; et celle du s\u00e9nateur Bya&rsquo;Ene, adress\u00e9e au m\u00eame Ministre sur la cohabitation entre les FARDC et la population du territoire de Fizi.<\/p>\n<p style=\"text-align: justify;\">Toujours dans ce m\u00eame lot, il sied \u00e9galement de signaler que la commission sp\u00e9ciale sur le\u00a0 suivi routier a soumis, mercredi 14 d\u00e9cembre 2016, son rapport p\u00e9riodique qui a \u00e9t\u00e9 \u00e9galement adopt\u00e9.<\/p>\n<p style=\"text-align: justify;\">Dans sa conclusion, le Pr\u00e9sident du S\u00e9nat a convoqu\u00e9 la session extraordinaire qui s&rsquo;ouvre partir de demain samedi 17 d\u00e9cembre 2016.<\/p>\n<p>Par Carroll Madiya<\/p>\n","protected":false},"excerpt":{"rendered":"<p>Le Pr\u00e9sident du S\u00e9nat, L\u00e9on Kengo wa Dondo a cl\u00f4tur\u00e9 hier jeudi la session ordinaire de septembre 2016 et salu\u00e9 par la m\u00eame occasion le travail abattu par les s\u00e9nateurs pendant cette session. Selon lui, le calendrier des travaux de cette session a \u00e9t\u00e9 globalement respect\u00e9. \u00a0\u00bb Outre la validation des pouvoirs de quatre s\u00e9nateurs, [&hellip;]<\/p>\n","protected":false},"author":1,"featured_media":1377,"comment_status":"open","ping_status":"open","sticky":false,"template":"","format":"standard","meta":{"footnotes":""},"categories":[136,134,130,5],"tags":[],"class_list":["post-18329","post","type-post","status-publish","format-standard","has-post-thumbnail","hentry","category-a-la-une","category-la-tempete-des-tropiques","category-nation","category-politique"],"_links":{"self":[{"href":"http:\/\/www.latempete.info\/index.php?rest_route=\/wp\/v2\/posts\/18329"}],"collection":[{"href":"http:\/\/www.latempete.info\/index.php?rest_route=\/wp\/v2\/posts"}],"about":[{"href":"http:\/\/www.latempete.info\/index.php?rest_route=\/wp\/v2\/types\/post"}],"author":[{"embeddable":true,"href":"http:\/\/www.latempete.info\/index.php?rest_route=\/wp\/v2\/users\/1"}],"replies":[{"embeddable":true,"href":"http:\/\/www.latempete.info\/index.php?rest_route=%2Fwp%2Fv2%2Fcomments&post=18329"}],"version-history":[{"count":1,"href":"http:\/\/www.latempete.info\/index.php?rest_route=\/wp\/v2\/posts\/18329\/revisions"}],"predecessor-version":[{"id":18330,"href":"http:\/\/www.latempete.info\/index.php?rest_route=\/wp\/v2\/posts\/18329\/revisions\/18330"}],"wp:featuredmedia":[{"embeddable":true,"href":"http:\/\/www.latempete.info\/index.php?rest_route=\/wp\/v2\/media\/1377"}],"wp:attachment":[{"href":"http:\/\/www.latempete.info\/index.php?rest_route=%2Fwp%2Fv2%2Fmedia&parent=18329"}],"wp:term":[{"taxonomy":"category","embeddable":true,"href":"http:\/\/www.latempete.info\/index.php?rest_route=%2Fwp%2Fv2%2Fcategories&post=18329"},{"taxonomy":"post_tag","embeddable":true,"href":"http:\/\/www.latempete.info\/index.php?rest_route=%2Fwp%2Fv2%2Ftags&post=18329"}],"curies":[{"name":"wp","href":"https:\/\/api.w.org\/{rel}","templated":true}]}}