{"id":18394,"date":"2016-12-23T08:15:48","date_gmt":"2016-12-23T08:15:48","guid":{"rendered":"http:\/\/www.latempete.info\/?p=18394"},"modified":"2016-12-23T08:15:48","modified_gmt":"2016-12-23T08:15:48","slug":"18394-2","status":"publish","type":"post","link":"http:\/\/www.latempete.info\/?p=18394","title":{"rendered":"Dialogue II : risque de cl\u00f4ture ce vendredi sans compromis"},"content":{"rendered":"<p style=\"text-align: justify;\">Sauf changement de derni\u00e8re minute, les travaux de n\u00e9gociations octobre\u00a0 directes entre d&rsquo;une part les signataires de l&rsquo;accord du 18 octobre 2016 (Majorit\u00e9 pr\u00e9sidentielle, une frange de l&rsquo;opposition politique et de la soci\u00e9t\u00e9 civile) et d&rsquo;autre part les non signataires de cet accord (Rassemblement des forces acquises au changement et front pour le respect de la Constitution) qui ont repris le mercredi le 21 d\u00e9cembre dernier se cl\u00f4turent ce vendredi 23 d\u00e9cembre au Centre interdioc\u00e9sain \u00e0 Kinshasa-Gombe.Mais d&rsquo;apr\u00e8s certains observateurs, ces discutions ne vont pas aboutir \u00e0 un compromis qui arrangerait toutes les parties<\/p>\n<p style=\"text-align: justify;\">Hier jeudi, les travaux se sont d&rsquo;abord poursuivis en commissions,\u00a0 avant la\u00a0 pl\u00e9ni\u00e8re pr\u00e9vue le m\u00eame jour.<br \/>\nA la reprise de ces discussions mercredi dernier, Marcel Utembi,\u00a0 pr\u00e9sident de la Conf\u00e9rence Episcopale Nationale du Congo (CENCO) a souhait\u00e9 que les participants mettent tout en \u0153uvre pour qu&rsquo;un accord soit obtenu au plus tard le 24 d\u00e9cembre en cours pour\u00a0 laisser la place au reste du processus.<\/p>\n<p style=\"text-align: justify;\">Au cas contraire, cette structure de l&rsquo;Eglise catholique romaine a promis aux acteurs politiques ce qu&rsquo;elle a appel\u00e9 le plan B, un plan qui n&rsquo;a pas \u00e9t\u00e9 d\u00e9voil\u00e9 jusque-l\u00e0 par les princes de l&rsquo;Eglise.<\/p>\n<p style=\"text-align: justify;\">A la m\u00eame occasion, le pr\u00e9sident de la CENCO a \u00e9galement fait allusion au message du Saint P\u00e8re qui demandait au monde entier de prier pour le retour de la paix en R\u00e9publique D\u00e9mocratique du Congo.<\/p>\n<p style=\"text-align: justify;\"><strong>La cl\u00f4ture des travaux dans les doutes<\/strong><\/p>\n<p style=\"text-align: justify;\">D&rsquo;aucuns pensent que les d\u00e9l\u00e9gu\u00e9s \u00e0 ces discussions ne manifestent pas la volont\u00e9 d&rsquo;aboutir \u00e0 un compromis qui mettrait tout le monde d&rsquo;accord.<\/p>\n<p style=\"text-align: justify;\">Comment expliquer qu&rsquo;au centre interdioc\u00e9sain on s&rsquo;\u00e9poumone pour la d\u00e9crispation politique et qu&rsquo;\u00e0 la cit\u00e9 les droits\u00a0 de citoyens congolais continuent \u00e0 \u00eatre viol\u00e9s, surtout pour les tueries des 19 et 20 d\u00e9cembre lors des manifestations pacifiques des\u00a0 citoyens congolais \u00e0 l&rsquo;occasion de la fin du mandat constitutionnel du Pr\u00e9sident Joseph Kabila.<\/p>\n<p style=\"text-align: justify;\">Pour d&rsquo;autres observateurs, juste apr\u00e8s la publication du gouvernement par le r\u00e9gime en place, les d\u00e9l\u00e9gu\u00e9s de la Majorit\u00e9 pr\u00e9sidentielle(MP) ne trouvent plus d&rsquo;int\u00e9r\u00eat \u00e0 poursuivre les travaux, surtout ceux qui ont \u00e9t\u00e9 promus ministres.<\/p>\n<p><strong>L&rsquo;espoir des Congolais en voie de disparition<\/strong><\/p>\n<p style=\"text-align: justify;\">La majorit\u00e9 des Congolais croyaient en la date du 19 d\u00e9cembre, la date butoir de fin de mandat du Pr\u00e9sident Kabila, cette date est pass\u00e9e et le peuple congolais continue \u00e0 se poser la question s&rsquo;il y a encore \u00e0 esp\u00e9rer.<\/p>\n<p style=\"text-align: justify;\">A cette question, certains consid\u00e8rent encore les discussions qui se poursuivent au Centre interdioc\u00e9sain comme de derni\u00e8re chance, c&rsquo;est-\u00e0-dire que les acteurs politiques sont encore appel\u00e9s \u00e0 faire preuve de responsabilit\u00e9 pour gagner encore une fois l&rsquo;estime de la population dont l&rsquo;espoir est en voie de disparition.<\/p>\n<p style=\"text-align: justify;\">Par Thony Kambila<\/p>\n","protected":false},"excerpt":{"rendered":"<p>Sauf changement de derni\u00e8re minute, les travaux de n\u00e9gociations octobre\u00a0 directes entre d&rsquo;une part les signataires de l&rsquo;accord du 18 octobre 2016 (Majorit\u00e9 pr\u00e9sidentielle, une frange de l&rsquo;opposition politique et de la soci\u00e9t\u00e9 civile) et d&rsquo;autre part les non signataires de cet accord (Rassemblement des forces acquises au changement et front pour le respect de [&hellip;]<\/p>\n","protected":false},"author":1,"featured_media":18395,"comment_status":"open","ping_status":"open","sticky":false,"template":"","format":"standard","meta":{"footnotes":""},"categories":[136,134,130,5],"tags":[],"class_list":["post-18394","post","type-post","status-publish","format-standard","has-post-thumbnail","hentry","category-a-la-une","category-la-tempete-des-tropiques","category-nation","category-politique"],"_links":{"self":[{"href":"http:\/\/www.latempete.info\/index.php?rest_route=\/wp\/v2\/posts\/18394"}],"collection":[{"href":"http:\/\/www.latempete.info\/index.php?rest_route=\/wp\/v2\/posts"}],"about":[{"href":"http:\/\/www.latempete.info\/index.php?rest_route=\/wp\/v2\/types\/post"}],"author":[{"embeddable":true,"href":"http:\/\/www.latempete.info\/index.php?rest_route=\/wp\/v2\/users\/1"}],"replies":[{"embeddable":true,"href":"http:\/\/www.latempete.info\/index.php?rest_route=%2Fwp%2Fv2%2Fcomments&post=18394"}],"version-history":[{"count":1,"href":"http:\/\/www.latempete.info\/index.php?rest_route=\/wp\/v2\/posts\/18394\/revisions"}],"predecessor-version":[{"id":18396,"href":"http:\/\/www.latempete.info\/index.php?rest_route=\/wp\/v2\/posts\/18394\/revisions\/18396"}],"wp:featuredmedia":[{"embeddable":true,"href":"http:\/\/www.latempete.info\/index.php?rest_route=\/wp\/v2\/media\/18395"}],"wp:attachment":[{"href":"http:\/\/www.latempete.info\/index.php?rest_route=%2Fwp%2Fv2%2Fmedia&parent=18394"}],"wp:term":[{"taxonomy":"category","embeddable":true,"href":"http:\/\/www.latempete.info\/index.php?rest_route=%2Fwp%2Fv2%2Fcategories&post=18394"},{"taxonomy":"post_tag","embeddable":true,"href":"http:\/\/www.latempete.info\/index.php?rest_route=%2Fwp%2Fv2%2Ftags&post=18394"}],"curies":[{"name":"wp","href":"https:\/\/api.w.org\/{rel}","templated":true}]}}