{"id":20730,"date":"2017-03-28T08:12:19","date_gmt":"2017-03-28T08:12:19","guid":{"rendered":"http:\/\/www.latempete.info\/?p=20730"},"modified":"2017-03-28T08:12:19","modified_gmt":"2017-03-28T08:12:19","slug":"20730-2","status":"publish","type":"post","link":"http:\/\/www.latempete.info\/?p=20730","title":{"rendered":"Crise au sein du C.O.C : Le Comite international olympique s\u2019en m\u00eale"},"content":{"rendered":"<p style=\"text-align: justify;\"><em><strong>L\u2019institution mondiale recommande l\u2019instauration d\u2019un dialogue ouvert et constructif avant les \u00e9lections<\/strong><\/em><\/p>\n<p>\u00ab\u00a0\u2026Nous vous recommandons vivement d\u2019instaurer un dialogue ouvert et constructif avec l\u2019ensemble des membres\u00a0 de votre ACNOA (et notamment, dans le cas pr\u00e9sent, avec les f\u00e9d\u00e9rations et membres signataires\u00a0 de cette demande d\u2019assembl\u00e9e g\u00e9n\u00e9rale extraordinaire) et de clarifier la situation avec eux directement sur les points soulev\u00e9s afin d\u2019\u00e9viter des incompr\u00e9hensions et de pacifier la situation avant l\u2019assembl\u00e9e g\u00e9n\u00e9rale \u00e9lective\u00a0\u00bb.<\/p>\n<p style=\"text-align: justify;\">Ces \u00e9crits sont contenus dans une correspondance du Comit\u00e9 international olympique (CIO) adress\u00e9e au pr\u00e9sident et au secr\u00e9taire g\u00e9n\u00e9ral du Comit\u00e9 olympique congolais sur la crise que traverse actuellement le mouvement sportif de la R\u00e9publique d\u00e9mocratique du Congo. Avec, d\u2019une part ceux qui estiment qu\u2019apr\u00e8s la fin de son mandat, le comit\u00e9 ex\u00e9cutif du COC doit directement passer aux \u00e9lections. Et ceux qui pensent qu\u2019il faille d\u2019abord organiser une r\u00e9union de clarification sur quelques points d\u2019ombre constat\u00e9s lors de la derni\u00e8re assembl\u00e9e g\u00e9n\u00e9rale ordinaire qui a marqu\u00e9 la fin de mandat du comit\u00e9 Amos Mbayo.<\/p>\n<p style=\"text-align: justify;\">Dans cette lettre dat\u00e9e du vendredi 17 mars 2017, le CIO a dit constater que \u00a0les assembl\u00e9es g\u00e9n\u00e9rales annuelles du COC n\u2019ont malheureusement pas \u00e9t\u00e9 tenues en 2014 et 2015. Il a rappel\u00e9 l\u2019obligation de tous les\u00a0 Comit\u00e9s nationaux olympiques (ACNO) de le faire annuellement conform\u00e9ment \u00e0 la Charte olympique qui dit, dans le paragraphe 1.4 du texte d\u2019application des R\u00e8gles 27 et 28, qui pr\u00e9conise ce qui suit\u00a0: \u00ab Chaque CNO tiendra une assembl\u00e9e g\u00e9n\u00e9rale de ses membres au moins une fois par ann\u00e9e, conform\u00e9ment aux statuts du CNO. Les CNO incluront en particulier dans l\u2019ordre du jour de leurs assembl\u00e9es g\u00e9n\u00e9rales la pr\u00e9sentation de rapports annuels et d\u2019\u00e9tats financiers r\u00e9vis\u00e9s ainsi que, le cas \u00e9ch\u00e9ant, l\u2019\u00e9lection des dirigeants et des membres de l\u2019organe ex\u00e9cutif\u00a0\u00bb.<\/p>\n<p style=\"text-align: justify;\">Une disposition d\u2019ailleurs aussi repris dans l\u2019article 20 des statuts du Comit\u00e9 olympique congolais. Ainsi le CIO a imp\u00e9rativement demand\u00e9 au COC de rectifier cela \u00e0 l\u2019avenir et de faire en sorte que les assembl\u00e9es g\u00e9n\u00e9rales ordinaires se tiennent annuellement conform\u00e9ment \u00e0 la Charte olympique, aux statuts du Comit\u00e9 olympique congolais et aux principes de base de bonne gouvernance.<\/p>\n<p><strong>La f\u00e9d\u00e9ration congolaise de rugby, membre \u00e0 part enti\u00e8re du COC<\/strong><\/p>\n<p style=\"text-align: justify;\">Concernant la situation de la F\u00e9d\u00e9ration congolaise de rugby, le CIO estime qu\u2019elle doit en principe \u00eatre membre \u00e0 part enti\u00e8re du Comit\u00e9 olympique congolais. Au m\u00eame titre et avec les m\u00eames droits que les f\u00e9d\u00e9rations de sports figurant au programme des Jeux olympiques d\u00fbment affili\u00e9s \u00e0 leurs f\u00e9d\u00e9rations internationales respectives. Le rugby \u00e9tant un sport actuellement au programme des Jeux Olympiques et pour autant qu\u2019elle est affili\u00e9e au World Rugby, sa f\u00e9d\u00e9ration internationale.<\/p>\n<p style=\"text-align: justify;\">Quant \u00e0 la demande de convocation d\u2019une assembl\u00e9e g\u00e9n\u00e9rale extraordinaire par un certain nombre de signataires, le Comit\u00e9 international olympique a demand\u00e9 au COC de v\u00e9rifier pr\u00e9cis\u00e9ment si cette demande est juridiquement recevable ou non, conform\u00e9ment \u00e0\u00a0 l\u2019article 21 de ses statuts qui stipule\u00a0: \u00ab\u00a0 Chaque fois que les circonstances l\u2019exigent, l\u2019assembl\u00e9e g\u00e9n\u00e9rale peut \u00eatre convoqu\u00e9e en session extraordinaire \u00e0 l\u2019initiative soit du comit\u00e9 ex\u00e9cutif, soit \u00e0 la demande de deux tiers des membres effectifs.<\/p>\n<p style=\"text-align: justify;\">Auquel cas le pr\u00e9sident et le secr\u00e9taire g\u00e9n\u00e9ral du Comit\u00e9 olympique congolais doivent imp\u00e9rativement convoquer la session extraordinaire dans les 15 jours qui suivent la r\u00e9ception de la demande. D\u00e9pass\u00e9 ce d\u00e9lai, le comit\u00e9 ex\u00e9cutif se saisit d\u2019office du dossier et convoque l\u2019assembl\u00e9e g\u00e9n\u00e9rale dans les 15 jours\u00a0\u00bb. Et, en fonction de cela, d\u2019accepter ou de rejeter la demande en expliquant clairement les raisons.<\/p>\n<p style=\"text-align: justify;\">La correspondance du 17 mars 2017 demande, de mani\u00e8re g\u00e9n\u00e9rale, aux deux correspondants officiels du Comit\u00e9 olympique congolais de faire circuler \u00e0 tous les membres l\u2019ensemble des informations et documents n\u00e9cessaires (statuts actuellement en vigueur du COC, proc\u00e8s-verbal de la derni\u00e8re assembl\u00e9e g\u00e9n\u00e9rale du 26 novembre 2016, tous les documents et informations n\u00e9cessaires en vue du processus \u00e9lectoral\u2026) afin d\u2019\u00e9viter des sp\u00e9culations inutiles.<\/p>\n<p style=\"text-align: justify;\">Enfin, elle voudrait avoir la confirmation, par une copie formelle, que tous les membres sans exception ont re\u00e7u la convocation formelle en temps voulu et conform\u00e9ment aux statuts.<\/p>\n<p style=\"text-align: justify;\">Par JC Lomboto<\/p>\n","protected":false},"excerpt":{"rendered":"<p>L\u2019institution mondiale recommande l\u2019instauration d\u2019un dialogue ouvert et constructif avant les \u00e9lections \u00ab\u00a0\u2026Nous vous recommandons vivement d\u2019instaurer un dialogue ouvert et constructif avec l\u2019ensemble des membres\u00a0 de votre ACNOA (et notamment, dans le cas pr\u00e9sent, avec les f\u00e9d\u00e9rations et membres signataires\u00a0 de cette demande d\u2019assembl\u00e9e g\u00e9n\u00e9rale extraordinaire) et de clarifier la situation avec eux directement [&hellip;]<\/p>\n","protected":false},"author":1,"featured_media":19823,"comment_status":"open","ping_status":"open","sticky":false,"template":"","format":"standard","meta":{"footnotes":""},"categories":[43,134,6],"tags":[],"class_list":["post-20730","post","type-post","status-publish","format-standard","has-post-thumbnail","hentry","category-foot","category-la-tempete-des-tropiques","category-sport"],"_links":{"self":[{"href":"http:\/\/www.latempete.info\/index.php?rest_route=\/wp\/v2\/posts\/20730"}],"collection":[{"href":"http:\/\/www.latempete.info\/index.php?rest_route=\/wp\/v2\/posts"}],"about":[{"href":"http:\/\/www.latempete.info\/index.php?rest_route=\/wp\/v2\/types\/post"}],"author":[{"embeddable":true,"href":"http:\/\/www.latempete.info\/index.php?rest_route=\/wp\/v2\/users\/1"}],"replies":[{"embeddable":true,"href":"http:\/\/www.latempete.info\/index.php?rest_route=%2Fwp%2Fv2%2Fcomments&post=20730"}],"version-history":[{"count":1,"href":"http:\/\/www.latempete.info\/index.php?rest_route=\/wp\/v2\/posts\/20730\/revisions"}],"predecessor-version":[{"id":20731,"href":"http:\/\/www.latempete.info\/index.php?rest_route=\/wp\/v2\/posts\/20730\/revisions\/20731"}],"wp:featuredmedia":[{"embeddable":true,"href":"http:\/\/www.latempete.info\/index.php?rest_route=\/wp\/v2\/media\/19823"}],"wp:attachment":[{"href":"http:\/\/www.latempete.info\/index.php?rest_route=%2Fwp%2Fv2%2Fmedia&parent=20730"}],"wp:term":[{"taxonomy":"category","embeddable":true,"href":"http:\/\/www.latempete.info\/index.php?rest_route=%2Fwp%2Fv2%2Fcategories&post=20730"},{"taxonomy":"post_tag","embeddable":true,"href":"http:\/\/www.latempete.info\/index.php?rest_route=%2Fwp%2Fv2%2Ftags&post=20730"}],"curies":[{"name":"wp","href":"https:\/\/api.w.org\/{rel}","templated":true}]}}