{"id":22538,"date":"2017-06-08T08:31:25","date_gmt":"2017-06-08T08:31:25","guid":{"rendered":"http:\/\/www.latempete.info\/?p=22538"},"modified":"2017-06-08T08:31:25","modified_gmt":"2017-06-08T08:31:25","slug":"22538-2","status":"publish","type":"post","link":"http:\/\/www.latempete.info\/?p=22538","title":{"rendered":"Violences dans le Kasa\u00ef : une enqu\u00eate onusienne sans le r\u00e9gime Kabila attendue"},"content":{"rendered":"<p style=\"text-align: justify;\"><em><strong>Selon un sondage d\u2019opinion r\u00e9alis\u00e9 par radiookapi.net, 93% d\u2019interview\u00e9s appellent l\u2019ONU \u00e0 initier une enqu\u00eate ind\u00e9pendante sans inclure la RDC<\/strong><\/em><\/p>\n<p>93% des personnes ayant particip\u00e9 au sondage d\u2019opinion r\u00e9alis\u00e9 par radiookapi.net, soit 1\u00a0193 interview\u00e9s, sur un total de 1276, ont \u00e9mis le v\u0153u de voir l\u2019ONU initier une enqu\u00eate ind\u00e9pendante sans inclure le r\u00e9gime de Joseph Kabila, afin de faire la lumi\u00e8re sur les tenants et les aboutissants des violences enregistr\u00e9es dans les provinces du Kasa\u00ef, au centre du territoire national de la R\u00e9publique D\u00e9mocratique du Congo.<\/p>\n<p style=\"text-align: justify;\">Par contre, 5% (soit 73 participants) ont estim\u00e9 que l\u2019ONU devrait laisser la RDC diriger l\u2019\u00e9quipe d\u2019enqu\u00eateurs, alors que 2% (soit 29 participants) ont soutenu que les Nations Unies puissent faire confiance aux conclusions de l\u2019enqu\u00eate au pays cher \u00e0 Patrice-Emery Lumumba.<\/p>\n<p style=\"text-align: justify;\">A en croire des analystes, les r\u00e9sultats de ce sondage prouvent \u00e0 suffisance \u00e0 quel point les Congolaises et Congolais sont d\u00e9bord\u00e9s par les exactions que la minorit\u00e9 des hommes et femmes au pouvoir en RD Congo sont en train d\u2019infliger \u00e0 la grande majorit\u00e9 du peuple meurtri.<\/p>\n<p style=\"text-align: justify;\">L\u2019obstination de ces d\u00e9tenteurs des r\u00eanes du pouvoir \u00e0 garder co\u00fbte que co\u00fbte la direction des investigations refl\u00e8te, sans aucun doute, la volont\u00e9 du r\u00e9gime de Joseph Kabila \u00e0 contr\u00f4ler toutes les op\u00e9rations de l\u2019enqu\u00eate et \u00e0 d\u00e9tourner l\u2019attention des enqu\u00eateurs des pistes les plus sensibles et susceptibles de fournir des informations authentiques.<\/p>\n<p style=\"text-align: justify;\">Pour ne pas tomber dans ce pi\u00e8ge, le Conseil de S\u00e9curit\u00e9 des Nations Unies a int\u00e9r\u00eat \u00e0 \u00e9couter la voix du peuple congolais qui attend une enqu\u00eate fiable et cr\u00e9dible, en vue de rendre un hommage m\u00e9rit\u00e9 \u00e0 toutes les victimes de la folie meurtri\u00e8re d\u2019un r\u00e9gime politique essouffl\u00e9 et ill\u00e9gal, qui n\u2019a pas h\u00e9sit\u00e9 d\u2019assassiner les agents de l\u2019organisation mondiale et qui cherche \u00e0 trouver des boucs-\u00e9missaires pour s\u2019innocenter.<\/p>\n<p>Par Asiyeshindwa<\/p>\n","protected":false},"excerpt":{"rendered":"<p>Selon un sondage d\u2019opinion r\u00e9alis\u00e9 par radiookapi.net, 93% d\u2019interview\u00e9s appellent l\u2019ONU \u00e0 initier une enqu\u00eate ind\u00e9pendante sans inclure la RDC 93% des personnes ayant particip\u00e9 au sondage d\u2019opinion r\u00e9alis\u00e9 par radiookapi.net, soit 1\u00a0193 interview\u00e9s, sur un total de 1276, ont \u00e9mis le v\u0153u de voir l\u2019ONU initier une enqu\u00eate ind\u00e9pendante sans inclure le r\u00e9gime de [&hellip;]<\/p>\n","protected":false},"author":1,"featured_media":22539,"comment_status":"open","ping_status":"open","sticky":false,"template":"","format":"standard","meta":{"footnotes":""},"categories":[136,134,130,5],"tags":[],"class_list":["post-22538","post","type-post","status-publish","format-standard","has-post-thumbnail","hentry","category-a-la-une","category-la-tempete-des-tropiques","category-nation","category-politique"],"_links":{"self":[{"href":"http:\/\/www.latempete.info\/index.php?rest_route=\/wp\/v2\/posts\/22538"}],"collection":[{"href":"http:\/\/www.latempete.info\/index.php?rest_route=\/wp\/v2\/posts"}],"about":[{"href":"http:\/\/www.latempete.info\/index.php?rest_route=\/wp\/v2\/types\/post"}],"author":[{"embeddable":true,"href":"http:\/\/www.latempete.info\/index.php?rest_route=\/wp\/v2\/users\/1"}],"replies":[{"embeddable":true,"href":"http:\/\/www.latempete.info\/index.php?rest_route=%2Fwp%2Fv2%2Fcomments&post=22538"}],"version-history":[{"count":1,"href":"http:\/\/www.latempete.info\/index.php?rest_route=\/wp\/v2\/posts\/22538\/revisions"}],"predecessor-version":[{"id":22540,"href":"http:\/\/www.latempete.info\/index.php?rest_route=\/wp\/v2\/posts\/22538\/revisions\/22540"}],"wp:featuredmedia":[{"embeddable":true,"href":"http:\/\/www.latempete.info\/index.php?rest_route=\/wp\/v2\/media\/22539"}],"wp:attachment":[{"href":"http:\/\/www.latempete.info\/index.php?rest_route=%2Fwp%2Fv2%2Fmedia&parent=22538"}],"wp:term":[{"taxonomy":"category","embeddable":true,"href":"http:\/\/www.latempete.info\/index.php?rest_route=%2Fwp%2Fv2%2Fcategories&post=22538"},{"taxonomy":"post_tag","embeddable":true,"href":"http:\/\/www.latempete.info\/index.php?rest_route=%2Fwp%2Fv2%2Ftags&post=22538"}],"curies":[{"name":"wp","href":"https:\/\/api.w.org\/{rel}","templated":true}]}}