{"id":22589,"date":"2017-06-09T12:42:12","date_gmt":"2017-06-09T12:42:12","guid":{"rendered":"http:\/\/www.latempete.info\/?p=22589"},"modified":"2017-06-09T12:42:12","modified_gmt":"2017-06-09T12:42:12","slug":"ferre-lalbum-quest-ce-que-javais-dit-sortie-mondiale-ce-vendredi","status":"publish","type":"post","link":"http:\/\/www.latempete.info\/?p=22589","title":{"rendered":"Ferr\u00e9 : l&rsquo;album \u00a0\u00bb Qu&rsquo;est-ce que j&rsquo;avais dit \u00ab\u00a0, sortie mondiale ce vendredi"},"content":{"rendered":"<p style=\"text-align: justify;\">L&rsquo;album intitul\u00e9 \u00a0\u00bb Qu&rsquo;est-ce que j&rsquo;avais dit \u00a0\u00bb de Ferr\u00e9 Gola sort finalement aujourd&rsquo;hui vendredi 9 juin \u00e0 travers le monde entier, tant en version physique qu&rsquo;\u00e9lectronique. L&rsquo;auteur de cette \u0153uvre l&rsquo;a confirm\u00e9 hier jeudi dans une \u00e9mission diffus\u00e9e sur la cha\u00eene de t\u00e9l\u00e9vision Baraka TV, de l&rsquo;op\u00e9rateur culturel et patron du Festival international des \u00e9toiles (Fiet), l&rsquo;honorable Serge Kayembe Mwadiamvita. Toutefois, Kinshasa pourra conna\u00eetre un petit retard, car il y a des pr\u00e9alables \u00e0 respecter avant la sortie de cette \u0153uvre, notamment l&rsquo;aval de la commission de censure.<\/p>\n<p style=\"text-align: justify;\">Par LM<\/p>\n","protected":false},"excerpt":{"rendered":"<p>L&rsquo;album intitul\u00e9 \u00a0\u00bb Qu&rsquo;est-ce que j&rsquo;avais dit \u00a0\u00bb de Ferr\u00e9 Gola sort finalement aujourd&rsquo;hui vendredi 9 juin \u00e0 travers le monde entier, tant en version physique qu&rsquo;\u00e9lectronique. L&rsquo;auteur de cette \u0153uvre l&rsquo;a confirm\u00e9 hier jeudi dans une \u00e9mission diffus\u00e9e sur la cha\u00eene de t\u00e9l\u00e9vision Baraka TV, de l&rsquo;op\u00e9rateur culturel et patron du Festival international des [&hellip;]<\/p>\n","protected":false},"author":1,"featured_media":16250,"comment_status":"open","ping_status":"open","sticky":false,"template":"","format":"standard","meta":{"footnotes":""},"categories":[8,134,29],"tags":[],"class_list":["post-22589","post","type-post","status-publish","format-standard","has-post-thumbnail","hentry","category-culture-media","category-la-tempete-des-tropiques","category-musique"],"_links":{"self":[{"href":"http:\/\/www.latempete.info\/index.php?rest_route=\/wp\/v2\/posts\/22589"}],"collection":[{"href":"http:\/\/www.latempete.info\/index.php?rest_route=\/wp\/v2\/posts"}],"about":[{"href":"http:\/\/www.latempete.info\/index.php?rest_route=\/wp\/v2\/types\/post"}],"author":[{"embeddable":true,"href":"http:\/\/www.latempete.info\/index.php?rest_route=\/wp\/v2\/users\/1"}],"replies":[{"embeddable":true,"href":"http:\/\/www.latempete.info\/index.php?rest_route=%2Fwp%2Fv2%2Fcomments&post=22589"}],"version-history":[{"count":1,"href":"http:\/\/www.latempete.info\/index.php?rest_route=\/wp\/v2\/posts\/22589\/revisions"}],"predecessor-version":[{"id":22590,"href":"http:\/\/www.latempete.info\/index.php?rest_route=\/wp\/v2\/posts\/22589\/revisions\/22590"}],"wp:featuredmedia":[{"embeddable":true,"href":"http:\/\/www.latempete.info\/index.php?rest_route=\/wp\/v2\/media\/16250"}],"wp:attachment":[{"href":"http:\/\/www.latempete.info\/index.php?rest_route=%2Fwp%2Fv2%2Fmedia&parent=22589"}],"wp:term":[{"taxonomy":"category","embeddable":true,"href":"http:\/\/www.latempete.info\/index.php?rest_route=%2Fwp%2Fv2%2Fcategories&post=22589"},{"taxonomy":"post_tag","embeddable":true,"href":"http:\/\/www.latempete.info\/index.php?rest_route=%2Fwp%2Fv2%2Ftags&post=22589"}],"curies":[{"name":"wp","href":"https:\/\/api.w.org\/{rel}","templated":true}]}}