{"id":22729,"date":"2017-06-14T10:08:17","date_gmt":"2017-06-14T10:08:17","guid":{"rendered":"http:\/\/www.latempete.info\/?p=22729"},"modified":"2017-06-14T10:08:17","modified_gmt":"2017-06-14T10:08:17","slug":"christophe-lutundula-donne-une-lecon-de-democratie-a-la-majorite-presidentielle","status":"publish","type":"post","link":"http:\/\/www.latempete.info\/?p=22729","title":{"rendered":"Christophe Lutundula donne une le\u00e7on de d\u00e9mocratie \u00e0 la Majorit\u00e9 Pr\u00e9sidentielle"},"content":{"rendered":"<p style=\"text-align: justify;\">Le d\u00e9put\u00e9 national Christophe Lutundula a expliqu\u00e9, lundi 12 juin, le vrai sens de la d\u00e9mocratie lors d\u2019une s\u00e9ance pl\u00e9ni\u00e8re de l\u2019Assembl\u00e9e Nationale consacr\u00e9e \u00e0 l\u2019audition du vice-Premier ministre, ministre des Affaires \u00e9trang\u00e8res, en rapport avec les sanctions prises par l\u2019Union Europ\u00e9enne (UE) contre certaines personnalit\u00e9s de la R\u00e9publique D\u00e9mocratique du Congo.<\/p>\n<p style=\"text-align: justify;\">Dans son intervention lors de cette s\u00e9ance pl\u00e9ni\u00e8re, Christophe Lutundula a tenu \u00e0 savoir si la finalit\u00e9 de cette d\u00e9marche \u00e9tait une occasion pour l\u2019Assembl\u00e9e Nationale d\u2019exprimer sa solidarit\u00e9 avec le Gouvernement congolais face \u00e0 ces sanctions, ou une occasion de dire que tout se passe bien en RD Congo et que l\u2019Union Europ\u00e9enne n\u2019a rien \u00e0 reprocher aux dirigeants congolais.<\/p>\n<p style=\"text-align: justify;\">Il a finalement affirm\u00e9 que l\u2019organisation du vieux continent a raison de prendre ces sanctions \u00ab\u00a0car, a-t-il poursuivi, aucun Am\u00e9ricain, aucun europ\u00e9en \u2026 n\u2019a ouvert un compte bancaire en RD Congo, alors qu\u2019une fois promu, les Congolais se pr\u00e9cipitent \u00e0 aller renflouer les banques \u00e9trang\u00e8res, au lieu d\u2019investir chez eux\u00a0\u00bb.<\/p>\n<p style=\"text-align: justify;\">Selon Christophe Lutundula, la souverainet\u00e9 \u00e9voqu\u00e9e par le vice-Premier ministre, ministre des Affaires \u00e9trang\u00e8res dans son expos\u00e9 implique, en r\u00e9alit\u00e9, la promotion du bien-\u00eatre de la population\u00a0et la R\u00e9publique, c\u2019est d\u2019abord le citoyen\u00a0; la d\u00e9mocratie, c\u2019est abord le peuple, le respect du citoyen\u2026<\/p>\n<p style=\"text-align: justify;\">Dans le m\u00eame ordre d\u2019id\u00e9es, Christophe Lutundula a indiqu\u00e9 que l\u2019interdiction faite aux dirigeants congolais de voyager dans les pays de l\u2019UE se justifie par le fait que les habitudes sanguinaires de ces dirigeants et tant d\u2019autres violations des droits humains ne se marient pas avec celles de ces Etats.<\/p>\n<p style=\"text-align: justify;\">Il a \u00e9t\u00e9 appuy\u00e9 par d\u2019autres d\u00e9put\u00e9s \u00e9pris de compassion pour les malheurs du peuple congolais fatigu\u00e9 de voir son sang verser au quotidien par la folie meurtri\u00e8re d\u2019un r\u00e9gime dictatorial et essouffl\u00e9. Ces d\u00e9put\u00e9s, en l\u2019occurrence Juv\u00e9nal Munubo et autres, ont souhait\u00e9 voir ces sanctions contextualis\u00e9es. Pour sa part, Henri-Thomas Lokondo a reproch\u00e9 au Gouvernement de la R\u00e9publique de n\u2019avoir pas fait une d\u00e9claration formelle pour r\u00e9pliquer officiellement \u00e0 ces sanctions.<\/p>\n<p style=\"text-align: justify;\">Un autre a invit\u00e9\u00a0 l\u2019ex\u00e9cutif national \u00e0 tenir compte des rapports des forces dans le concert des nations.<br \/>\nPar contre, les d\u00e9put\u00e9s de la Majorit\u00e9 Pr\u00e9sidentielle (MP) ont, comme She Okitundu lui-m\u00eame, cri\u00e9 \u00e0 l\u2019ing\u00e9rence dans les affaires internes du Congo Kinshasa.<\/p>\n<p>Par Marcel Tshishiku<\/p>\n","protected":false},"excerpt":{"rendered":"<p>Le d\u00e9put\u00e9 national Christophe Lutundula a expliqu\u00e9, lundi 12 juin, le vrai sens de la d\u00e9mocratie lors d\u2019une s\u00e9ance pl\u00e9ni\u00e8re de l\u2019Assembl\u00e9e Nationale consacr\u00e9e \u00e0 l\u2019audition du vice-Premier ministre, ministre des Affaires \u00e9trang\u00e8res, en rapport avec les sanctions prises par l\u2019Union Europ\u00e9enne (UE) contre certaines personnalit\u00e9s de la R\u00e9publique D\u00e9mocratique du Congo. Dans son intervention [&hellip;]<\/p>\n","protected":false},"author":1,"featured_media":20993,"comment_status":"open","ping_status":"open","sticky":false,"template":"","format":"standard","meta":{"footnotes":""},"categories":[134,130,5],"tags":[],"class_list":["post-22729","post","type-post","status-publish","format-standard","has-post-thumbnail","hentry","category-la-tempete-des-tropiques","category-nation","category-politique"],"_links":{"self":[{"href":"http:\/\/www.latempete.info\/index.php?rest_route=\/wp\/v2\/posts\/22729"}],"collection":[{"href":"http:\/\/www.latempete.info\/index.php?rest_route=\/wp\/v2\/posts"}],"about":[{"href":"http:\/\/www.latempete.info\/index.php?rest_route=\/wp\/v2\/types\/post"}],"author":[{"embeddable":true,"href":"http:\/\/www.latempete.info\/index.php?rest_route=\/wp\/v2\/users\/1"}],"replies":[{"embeddable":true,"href":"http:\/\/www.latempete.info\/index.php?rest_route=%2Fwp%2Fv2%2Fcomments&post=22729"}],"version-history":[{"count":1,"href":"http:\/\/www.latempete.info\/index.php?rest_route=\/wp\/v2\/posts\/22729\/revisions"}],"predecessor-version":[{"id":22730,"href":"http:\/\/www.latempete.info\/index.php?rest_route=\/wp\/v2\/posts\/22729\/revisions\/22730"}],"wp:featuredmedia":[{"embeddable":true,"href":"http:\/\/www.latempete.info\/index.php?rest_route=\/wp\/v2\/media\/20993"}],"wp:attachment":[{"href":"http:\/\/www.latempete.info\/index.php?rest_route=%2Fwp%2Fv2%2Fmedia&parent=22729"}],"wp:term":[{"taxonomy":"category","embeddable":true,"href":"http:\/\/www.latempete.info\/index.php?rest_route=%2Fwp%2Fv2%2Fcategories&post=22729"},{"taxonomy":"post_tag","embeddable":true,"href":"http:\/\/www.latempete.info\/index.php?rest_route=%2Fwp%2Fv2%2Ftags&post=22729"}],"curies":[{"name":"wp","href":"https:\/\/api.w.org\/{rel}","templated":true}]}}