{"id":22903,"date":"2017-06-21T09:21:24","date_gmt":"2017-06-21T09:21:24","guid":{"rendered":"http:\/\/www.latempete.info\/?p=22903"},"modified":"2017-06-21T09:21:24","modified_gmt":"2017-06-21T09:21:24","slug":"22903-2","status":"publish","type":"post","link":"http:\/\/www.latempete.info\/?p=22903","title":{"rendered":"Processus \u00e9lectoral en difficult\u00e9 : Le G7 fustige le manque de volont\u00e9 politique de Joseph Kabila"},"content":{"rendered":"<p style=\"text-align: justify;\"><em><strong>Un appel \u00e0 la raison lanc\u00e9 \u00e0 l\u2019endroit de l\u2019Autorit\u00e9 morale de la Majorit\u00e9 pr\u00e9sidentielle en lui demandant d\u2019\u00e9vacuer les obstacles \u00e0 l\u2019alternance d\u00e9mocratique au risque de s\u2019enfoncer dans une voie suicidaire<\/strong><\/em><\/p>\n<p><strong>A la suite de l\u2019appel de Kofi Annan, Secr\u00e9taire g\u00e9n\u00e9ral honoraire des Nations-Unies, et des 9 anciens Pr\u00e9sidents africains, pionniers de la d\u00e9mocratie africaine, mettant en exergue la dynamique d\u00e9mocratique en vogue \u00e0 travers le continent noir, le G7 invite le Pr\u00e9sident \u00e0 revenir aux bons sentiments. Joseph Kabila est appel\u00e9 \u00e0 se d\u00e9pouiller de cet oripeau l\u2019\u00e9loignant davantage des pr\u00e9occupations l\u00e9gitimes des Congolais prises en compte dans l\u2019Accord de la Saint-Sylvestre. <\/strong><\/p>\n<p style=\"text-align: justify;\"><strong>Si le chef de l\u2019Etat congolais ne favorise pas la mise en pratique de ce compromis obtenu sous l\u2019\u00e9gide de la CENCO, le G7 va le consid\u00e9rer comme l\u2019obstacle majeur \u00e0 l\u2019organisation des \u00e9lections libres, transparentes, inclusives et cr\u00e9dibles en vue de l\u2019alternance d\u00e9mocratique en RDC.<\/strong><\/p>\n<p style=\"text-align: justify;\"><strong>Les diff\u00e9rents aspects qui s\u2019apparentent au manque de volont\u00e9 politique de Joseph Kabila\u00a0 ont \u00e9t\u00e9 d\u00e9velopp\u00e9s au cours de la conf\u00e9rence de presse anim\u00e9e hier mardi 20 juin par le Pr\u00e9sident en exercice du G7, dont la teneur ci-apr\u00e8s.<\/strong><\/p>\n<p style=\"text-align: justify;\">C\u2019est une d\u00e9claration tr\u00e8s muscl\u00e9e rendue publique hier par le Pr\u00e9sident en exercice du Groupe des 7 partis politiques, dit G7. Pierre Lumbi Okongo a indiqu\u00e9 toute la d\u00e9termination\u00a0 de son regroupement \u00e0 la tenue des \u00e9lections au plus tard \u00e0 la date du 31 d\u00e9cembre 2017. Ce, conform\u00e9ment \u00e0 l\u2019Accord politique sign\u00e9 sous l\u2019\u00e9gide de la CENCO, en ce qu\u2019il est la seule source de l\u00e9gitimit\u00e9 des institutions politiques apr\u00e8s la date du 19 d\u00e9cembre.<\/p>\n<p style=\"text-align: justify;\">Et si \u00e0 la date arr\u00eat\u00e9e lors des n\u00e9gociations directes au Centre Interdioc\u00e9sain les \u00e9lections ne sont pas organis\u00e9es, le G7 va tirer deux grandes cons\u00e9quences\u00a0: la tenue des scrutins sans Joseph Kabila et l\u2019organisation de ceux-ci sous la supervision des Nations-Unies. Du fait, a\u00a0 reconnu Pierre Lumbi, \u00ab\u00a0il n\u2019y aura aucune institution l\u00e9gitime\u00a0\u00bb au-del\u00e0 du 31 d\u00e9cembre 2017.<\/p>\n<p style=\"text-align: justify;\">Tenant \u00e0 l\u2019organisation des \u00e9lections par rapport \u00e0 cette date, le G7 qui a refus\u00e9 de prendre part au gouvernement institu\u00e9 sur base d\u2019un Arrangement tripatouill\u00e9 rejette pour les m\u00eames raisons toute participation au CNSA (Conseil national de suivi de l\u2019Accord du 31 d\u00e9cembre 2017) en cours de constitution. De la m\u00eame mani\u00e8re, ce groupe trouve inopportun un troisi\u00e8me dialogue. \u00abIl n\u2019y a plus \u00e0 n\u00e9gocier\u00a0\u00bb, a argument\u00e9 Pierre Lumbi. Il reste ferme par rapport au calendrier \u00e9lectoral et \u00e0 la d\u00e9crispation politique.<\/p>\n<p style=\"text-align: justify;\">Pour ce regroupement, \u00ab\u00a0d\u00e9passer la date du 31 juillet 2017 sans d\u2019une part que la CENI n\u2019ait cl\u00f4tur\u00e9 les op\u00e9rations d\u2019identification et d\u2019enr\u00f4lement, ni publi\u00e9 le calendrier \u00e9lectoral\u00a0; et d\u2019autre part sans que le gouvernement n\u2019ait mis en \u0153uvre les mesures de d\u00e9crispation, le G7 lancera avec l\u2019ensemble des organisations politiques et sociales des actions de mobilisation populaire et de d\u00e9sob\u00e9issance civique conform\u00e9ment \u00e0 l\u2019Article 64 de la Constitution\u00a0\u00bb.<\/p>\n<p style=\"text-align: justify;\">L\u2019occasion a \u00e9t\u00e9 \u00e9galement saisie par le G7 d\u2019exiger le retour sans condition de Mo\u00efse Katumbi au pays et de r\u00e9affirmer que ce dernier est son candidat \u00e0 l\u2019\u00e9lection pr\u00e9sidentielle. Le Pr\u00e9sident en exercice du G7 n\u2019a pas manqu\u00e9 de saluer l\u2019appel de Kofi Annan et des 9 anciens Pr\u00e9sidents africains.<\/p>\n<p style=\"text-align: justify;\">Lanc\u00e9 le 15 juin, cet appel a le m\u00e9rite \u00ab\u00a0d\u2019interpeller les dirigeants africains et de leur rappeler que la dynamique d\u00e9mocratique dans laquelle les peuples d\u2019Afrique se sont engag\u00e9s est irr\u00e9versible\u00a0\u00bb, a soulign\u00e9 hier Pierre Lumbi, avant d\u2019alerter que \u00ab\u00a0tout celui qui tenterait de s\u2019en \u00e9carter s\u2019engage dans une voie suicidaire\u00a0\u00bb.<\/p>\n<p>Par KerK<\/p>\n","protected":false},"excerpt":{"rendered":"<p>Un appel \u00e0 la raison lanc\u00e9 \u00e0 l\u2019endroit de l\u2019Autorit\u00e9 morale de la Majorit\u00e9 pr\u00e9sidentielle en lui demandant d\u2019\u00e9vacuer les obstacles \u00e0 l\u2019alternance d\u00e9mocratique au risque de s\u2019enfoncer dans une voie suicidaire A la suite de l\u2019appel de Kofi Annan, Secr\u00e9taire g\u00e9n\u00e9ral honoraire des Nations-Unies, et des 9 anciens Pr\u00e9sidents africains, pionniers de la d\u00e9mocratie [&hellip;]<\/p>\n","protected":false},"author":1,"featured_media":22402,"comment_status":"open","ping_status":"open","sticky":false,"template":"","format":"standard","meta":{"footnotes":""},"categories":[136,134,130,5],"tags":[],"class_list":["post-22903","post","type-post","status-publish","format-standard","has-post-thumbnail","hentry","category-a-la-une","category-la-tempete-des-tropiques","category-nation","category-politique"],"_links":{"self":[{"href":"http:\/\/www.latempete.info\/index.php?rest_route=\/wp\/v2\/posts\/22903"}],"collection":[{"href":"http:\/\/www.latempete.info\/index.php?rest_route=\/wp\/v2\/posts"}],"about":[{"href":"http:\/\/www.latempete.info\/index.php?rest_route=\/wp\/v2\/types\/post"}],"author":[{"embeddable":true,"href":"http:\/\/www.latempete.info\/index.php?rest_route=\/wp\/v2\/users\/1"}],"replies":[{"embeddable":true,"href":"http:\/\/www.latempete.info\/index.php?rest_route=%2Fwp%2Fv2%2Fcomments&post=22903"}],"version-history":[{"count":1,"href":"http:\/\/www.latempete.info\/index.php?rest_route=\/wp\/v2\/posts\/22903\/revisions"}],"predecessor-version":[{"id":22904,"href":"http:\/\/www.latempete.info\/index.php?rest_route=\/wp\/v2\/posts\/22903\/revisions\/22904"}],"wp:featuredmedia":[{"embeddable":true,"href":"http:\/\/www.latempete.info\/index.php?rest_route=\/wp\/v2\/media\/22402"}],"wp:attachment":[{"href":"http:\/\/www.latempete.info\/index.php?rest_route=%2Fwp%2Fv2%2Fmedia&parent=22903"}],"wp:term":[{"taxonomy":"category","embeddable":true,"href":"http:\/\/www.latempete.info\/index.php?rest_route=%2Fwp%2Fv2%2Fcategories&post=22903"},{"taxonomy":"post_tag","embeddable":true,"href":"http:\/\/www.latempete.info\/index.php?rest_route=%2Fwp%2Fv2%2Ftags&post=22903"}],"curies":[{"name":"wp","href":"https:\/\/api.w.org\/{rel}","templated":true}]}}