{"id":22909,"date":"2017-06-21T09:40:20","date_gmt":"2017-06-21T09:40:20","guid":{"rendered":"http:\/\/www.latempete.info\/?p=22909"},"modified":"2017-06-21T09:40:20","modified_gmt":"2017-06-21T09:40:20","slug":"22909-2","status":"publish","type":"post","link":"http:\/\/www.latempete.info\/?p=22909","title":{"rendered":"Mois de l\u2019environnement : Le DG du Jardin botanique de Kinshasa sollicite plus de soutien \u00e0 cette r\u00e9serve v\u00e9g\u00e9tale"},"content":{"rendered":"<p style=\"text-align: justify;\">Le directeur g\u00e9n\u00e9ral du Jardin botanique de Kinshasa a lanc\u00e9, mardi 20 juin, un appel \u00e0 plus de soutien \u00e0 cette r\u00e9serve v\u00e9g\u00e9tale plac\u00e9e sous tutelle de l\u2019Institut Congolais pour la Conservation de la Nature (ICCN). Samson Tshibangu a formul\u00e9 cette requ\u00eate lors d\u2019une visite guid\u00e9e effectu\u00e9e au Jardin botanique de la capitale de la RDC par des partenaires du secteur de la conservation de la nature, des \u00e9tudiants, des hommes et femmes des m\u00e9dias et plusieurs autres invit\u00e9s, \u00e0 l\u2019initiative du Programme des Nations Unies pour le D\u00e9veloppement (PNUD), en partenariat avec l\u2019UNESCO, l\u2019ICCN\u2026.<\/p>\n<p style=\"text-align: justify;\">Cette visite rentre dans le cadre des activit\u00e9s du mois de l\u2019environnement d\u00e9cr\u00e9t\u00e9 le 5 juin, date de la c\u00e9l\u00e9bration annuelle de la journ\u00e9e mondiale de l\u2019environnement, par le ministre Amy Ambatobe. Le DG Samson Tshibangu a \u00e9galement \u00e9mis le v\u0153u de voir des partenaires du secteur de la conservation de la nature, des \u00e9tudiants, des hommes et femmes des m\u00e9dias et tous les invit\u00e9s \u00e0 cette journ\u00e9e, revenir dans un avenir proche au Jardin botanique de Kinshasa munis de leurs dons.<\/p>\n<p style=\"text-align: justify;\">Il a commenc\u00e9 par souhaiter la bienvenue \u00e0 toutes ces personnes et retrac\u00e9 un bref aper\u00e7u historique de son site cr\u00e9\u00e9 en 1933 par un sujet belge, pour servir, dans un premier temps, de zone tampon entre le centre ville et la cit\u00e9 des indig\u00e8nes, avant d\u2019\u00eatre transform\u00e9 en site de transit pour les \u00e9chantillons de toutes les esp\u00e8ces v\u00e9g\u00e9tales du pays. \u00ab\u00a0Actuellement, le Jardin botanique de Kinshasa abrite 276 esp\u00e8ces v\u00e9g\u00e9tales regroup\u00e9es en seize familles\u2026\u00a0\u00bb, a conclu\u00a0 Samson Tshibangu.<\/p>\n<p style=\"text-align: justify;\">Pour sa part, le PNUD a remerci\u00e9 le DG du Jardin botanique de Kinshasa pour l\u2019accueil chaleureux r\u00e9serv\u00e9 aux visiteurs. Il a remerci\u00e9 aussi les visiteurs pour leur disponibilit\u00e9, en d\u00e9pit de leurs nombreuses occupations. Son attente\u00a0a-t-il pr&amp;\u00e9cis\u00e9,\u00a0 est qu\u2019\u00e0 la fin de la journ\u00e9e, ces derniers prennent l\u2019engagement de devenir des acteurs de la protection de la biodiversit\u00e9 en RD Congo.<\/p>\n<p style=\"text-align: justify;\">Le PNUD a, en outre, expliqu\u00e9 qu\u2019\u00e9tant au c\u0153ur des Objectifs de D\u00e9veloppement Durable (ODD) dans la mesure o\u00f9, sur un total des 17 ODD, 15 d\u2019entre eux concernent les probl\u00e8mes de l\u2019environnement et n\u00e9cessitent l\u2019implication de tous, les questions relatives \u00e0 la conservation de la nature m\u00e9ritent d\u2019\u00eatre ins\u00e9r\u00e9es dans la planification. Apr\u00e8s avoir lu le mot de circonstance du directeur g\u00e9n\u00e9ral de l\u2019ICCN, le directeur de cabinet du DG Cosma Wilungula a expliqu\u00e9 les difficult\u00e9s financi\u00e8res et mat\u00e9rielles auxquelles son Institut est confront\u00e9.<\/p>\n<p style=\"text-align: justify;\">Hormis ces expos\u00e9s, les visiteurs ont, pendant pr\u00e8s d\u2019une heure, fait le tour des 16 parcelles du Jardin, guid\u00e9s par les experts de cette r\u00e9serve. Ils ont, \u00e0 cette occasion, explor\u00e9 diverses esp\u00e8ces v\u00e9g\u00e9tales comme le papyrus, le cotonnier, l\u2019arbre du voyageur, l\u2019arbre \u00e0 pluie, le cacaoyer, l\u2019h\u00e9v\u00e9a, le malebo (qui a donn\u00e9 le nom de Kin-Malebo et a la particularit\u00e9 de chasser les moustiques), le ficus ou arbre paratonnerre (qui attire la foudre vers lui-m\u00eame) etc.<\/p>\n<p style=\"text-align: justify;\">Par Marcel Tshishiku<\/p>\n","protected":false},"excerpt":{"rendered":"<p>Le directeur g\u00e9n\u00e9ral du Jardin botanique de Kinshasa a lanc\u00e9, mardi 20 juin, un appel \u00e0 plus de soutien \u00e0 cette r\u00e9serve v\u00e9g\u00e9tale plac\u00e9e sous tutelle de l\u2019Institut Congolais pour la Conservation de la Nature (ICCN). Samson Tshibangu a formul\u00e9 cette requ\u00eate lors d\u2019une visite guid\u00e9e effectu\u00e9e au Jardin botanique de la capitale de la [&hellip;]<\/p>\n","protected":false},"author":1,"featured_media":22910,"comment_status":"open","ping_status":"open","sticky":false,"template":"","format":"standard","meta":{"footnotes":""},"categories":[37,134,10],"tags":[],"class_list":["post-22909","post","type-post","status-publish","format-standard","has-post-thumbnail","hentry","category-environnement","category-la-tempete-des-tropiques","category-societe"],"_links":{"self":[{"href":"http:\/\/www.latempete.info\/index.php?rest_route=\/wp\/v2\/posts\/22909"}],"collection":[{"href":"http:\/\/www.latempete.info\/index.php?rest_route=\/wp\/v2\/posts"}],"about":[{"href":"http:\/\/www.latempete.info\/index.php?rest_route=\/wp\/v2\/types\/post"}],"author":[{"embeddable":true,"href":"http:\/\/www.latempete.info\/index.php?rest_route=\/wp\/v2\/users\/1"}],"replies":[{"embeddable":true,"href":"http:\/\/www.latempete.info\/index.php?rest_route=%2Fwp%2Fv2%2Fcomments&post=22909"}],"version-history":[{"count":1,"href":"http:\/\/www.latempete.info\/index.php?rest_route=\/wp\/v2\/posts\/22909\/revisions"}],"predecessor-version":[{"id":22911,"href":"http:\/\/www.latempete.info\/index.php?rest_route=\/wp\/v2\/posts\/22909\/revisions\/22911"}],"wp:featuredmedia":[{"embeddable":true,"href":"http:\/\/www.latempete.info\/index.php?rest_route=\/wp\/v2\/media\/22910"}],"wp:attachment":[{"href":"http:\/\/www.latempete.info\/index.php?rest_route=%2Fwp%2Fv2%2Fmedia&parent=22909"}],"wp:term":[{"taxonomy":"category","embeddable":true,"href":"http:\/\/www.latempete.info\/index.php?rest_route=%2Fwp%2Fv2%2Fcategories&post=22909"},{"taxonomy":"post_tag","embeddable":true,"href":"http:\/\/www.latempete.info\/index.php?rest_route=%2Fwp%2Fv2%2Ftags&post=22909"}],"curies":[{"name":"wp","href":"https:\/\/api.w.org\/{rel}","templated":true}]}}