{"id":23822,"date":"2017-07-24T08:07:03","date_gmt":"2017-07-24T08:07:03","guid":{"rendered":"http:\/\/www.latempete.info\/?p=23822"},"modified":"2017-07-24T08:08:02","modified_gmt":"2017-07-24T08:08:02","slug":"23822-2","status":"publish","type":"post","link":"http:\/\/www.latempete.info\/?p=23822","title":{"rendered":"Fikin: report de l\u2019ouverture de l\u2019\u00e9dition foraine 2017 au 28 juillet prochain"},"content":{"rendered":"<p style=\"text-align: justify;\">Ayant pr\u00e9vu d\u2019ouvrir ses portes le vendredi 21 juillet dernier, la Fikin (Foire internationale de Kinshasa) a renvoy\u00e9 son ouverture au samedi 28 juillet prochain, selon un communiqu\u00e9 sign\u00e9 par son directeur g\u00e9n\u00e9ral ad int\u00e9rim, Eug\u00e8ne Bokopolo Bile Sambo. Les raisons du report de l\u2019ouverture de cette \u00e9dition foraine 2017, ont \u00e9t\u00e9 donn\u00e9es dans le m\u00eame communiqu\u00e9.<\/p>\n<p style=\"text-align: justify;\">Selon le Dg, apr\u00e8s une \u00e9valuation des experts de la Fikin, il a \u00e9t\u00e9 r\u00e9v\u00e9l\u00e9\u00a0 au ministre de tutelle la n\u00e9cessit\u00e9 de reporter l\u2019ouverture de la Fikin afin d\u2019atteindre le plus possible de participants, en l\u2019occurrence les tenanciers de kiosques et stands, ainsi que les autres annonceurs pour r\u00e9ussir davantage l\u2019\u00e9dition foraine. Initialement pr\u00e9vue du 21 juillet au 21 ao\u00fbt, ce p\u00f4le d\u2019attraction va ainsi se tenir du 28 juillet au 28 ao\u00fbt de cette ann\u00e9e. Aussi, pour cette \u00e9dition, le th\u00e8me choisi est \u00abL\u2019\u00e9conomie au service du social\u00bb<\/p>\n<p style=\"text-align: justify;\">Le DG Bokopolo a saisi l\u2019occasion pour rappeler \u00e0 tous les exposants et services publics, la n\u00e9cessit\u00e9 d\u2019am\u00e9nager leurs espaces \u00e0 temps, pour la r\u00e9ussite totale de ce rendez-vous national, qui est aussi ouvert \u00e0 la participation \u00e9trang\u00e8re. Le Dg de la Fikin a par ailleurs indiqu\u00e9, par ailleurs, que la d\u00e9l\u00e9gation du B\u00e9nin est d\u00e9j\u00e0 sur place, tandis que celle du Cameroun est en route pour Kinshasa.<\/p>\n<p style=\"text-align: justify;\"><em><strong>Par LKT<\/strong><\/em><\/p>\n","protected":false},"excerpt":{"rendered":"<p>Ayant pr\u00e9vu d\u2019ouvrir ses portes le vendredi 21 juillet dernier, la Fikin (Foire internationale de Kinshasa) a renvoy\u00e9 son ouverture au samedi 28 juillet prochain, selon un communiqu\u00e9 sign\u00e9 par son directeur g\u00e9n\u00e9ral ad int\u00e9rim, Eug\u00e8ne Bokopolo Bile Sambo. Les raisons du report de l\u2019ouverture de cette \u00e9dition foraine 2017, ont \u00e9t\u00e9 donn\u00e9es dans le [&hellip;]<\/p>\n","protected":false},"author":1,"featured_media":23824,"comment_status":"open","ping_status":"open","sticky":false,"template":"","format":"standard","meta":{"footnotes":""},"categories":[129,126,28,8,127,125,134,128,29,30],"tags":[],"class_list":["post-23822","post","type-post","status-publish","format-standard","has-post-thumbnail","hentry","category-caricature","category-cinema","category-coutumes","category-culture-media","category-evenements","category-expo","category-la-tempete-des-tropiques","category-litterature","category-musique","category-revue-de-presse"],"_links":{"self":[{"href":"http:\/\/www.latempete.info\/index.php?rest_route=\/wp\/v2\/posts\/23822"}],"collection":[{"href":"http:\/\/www.latempete.info\/index.php?rest_route=\/wp\/v2\/posts"}],"about":[{"href":"http:\/\/www.latempete.info\/index.php?rest_route=\/wp\/v2\/types\/post"}],"author":[{"embeddable":true,"href":"http:\/\/www.latempete.info\/index.php?rest_route=\/wp\/v2\/users\/1"}],"replies":[{"embeddable":true,"href":"http:\/\/www.latempete.info\/index.php?rest_route=%2Fwp%2Fv2%2Fcomments&post=23822"}],"version-history":[{"count":2,"href":"http:\/\/www.latempete.info\/index.php?rest_route=\/wp\/v2\/posts\/23822\/revisions"}],"predecessor-version":[{"id":23825,"href":"http:\/\/www.latempete.info\/index.php?rest_route=\/wp\/v2\/posts\/23822\/revisions\/23825"}],"wp:featuredmedia":[{"embeddable":true,"href":"http:\/\/www.latempete.info\/index.php?rest_route=\/wp\/v2\/media\/23824"}],"wp:attachment":[{"href":"http:\/\/www.latempete.info\/index.php?rest_route=%2Fwp%2Fv2%2Fmedia&parent=23822"}],"wp:term":[{"taxonomy":"category","embeddable":true,"href":"http:\/\/www.latempete.info\/index.php?rest_route=%2Fwp%2Fv2%2Fcategories&post=23822"},{"taxonomy":"post_tag","embeddable":true,"href":"http:\/\/www.latempete.info\/index.php?rest_route=%2Fwp%2Fv2%2Ftags&post=23822"}],"curies":[{"name":"wp","href":"https:\/\/api.w.org\/{rel}","templated":true}]}}