{"id":24560,"date":"2017-08-23T08:42:35","date_gmt":"2017-08-23T08:42:35","guid":{"rendered":"http:\/\/www.latempete.info\/?p=24560"},"modified":"2017-08-23T08:42:35","modified_gmt":"2017-08-23T08:42:35","slug":"du-1er-au-2-septembre-au-theatre-de-verdure","status":"publish","type":"post","link":"http:\/\/www.latempete.info\/?p=24560","title":{"rendered":"Du 1er au 2 septembre au Th\u00e9\u00e2tre de verdure : Rires garantis avec le festival \u00ab Toseka l\u2019affrontement kinois \u00bb"},"content":{"rendered":"<p style=\"text-align: justify;\">Le Th\u00e9\u00e2tre de verdure va abriter du 1er au 2 septembre prochain le festival \u00ab\u00a0Toseka l\u2019affrontement kinois\u00a0\u00bb. Selon l\u2019initiateur de cette manifestation humoristique,\u00a0 Ados Ndombasi, il s\u2019agira d\u2019une \u00e9dition purement kinoise, qui sera parrain\u00e9e par les sommit\u00e9s comme Lady Esobe et Sa\u00ef Sa\u00ef. Elle donnera lieu \u00e0 une \u00ab\u00a0battle\u00a0\u00bb, les deux comiques coachant une\u00a0 \u00e9quipe.<\/p>\n<p style=\"text-align: justify;\">Ados Ndombasi a pr\u00e9cis\u00e9 que le recrutement a d\u00e9j\u00e0 pris fin et que les r\u00e9p\u00e9titions se d\u00e9roulent d\u00e9j\u00e0 de mani\u00e8re tr\u00e8s professionnelle au Th\u00e9\u00e2tre de verdure. Il avou\u00e9 que\u00a0 certains noms connus des kinois figurent dans les deux \u00e9quipes comme Modero, Tito, Neveu National ou encore\u00a0 Vue de loin. Il y a aussi d\u2019autres com\u00e9diens et humoristes ambulants moins connus\u00a0 comme Bic rouge. Ce festival est une production\u00a0 Waato Balabala et CMCT FCG.<\/p>\n<p style=\"text-align: justify;\">Le festival \u00ab\u00a0Toseka\u00a0\u00bb a d\u00e9but\u00e9 en 2012. Il a connu diverses formules, avec notamment la participation d\u2019artistes venus d\u2019autres pays africains comme l\u2019Ivoirien Michel Gohou ou encore du canada, comme Rachid Badouri.<\/p>\n<p style=\"text-align: justify;\"><em><strong>Par\u00a0 Yves Mitondo<\/strong><\/em><\/p>\n","protected":false},"excerpt":{"rendered":"<p>Le Th\u00e9\u00e2tre de verdure va abriter du 1er au 2 septembre prochain le festival \u00ab\u00a0Toseka l\u2019affrontement kinois\u00a0\u00bb. Selon l\u2019initiateur de cette manifestation humoristique,\u00a0 Ados Ndombasi, il s\u2019agira d\u2019une \u00e9dition purement kinoise, qui sera parrain\u00e9e par les sommit\u00e9s comme Lady Esobe et Sa\u00ef Sa\u00ef. Elle donnera lieu \u00e0 une \u00ab\u00a0battle\u00a0\u00bb, les deux comiques coachant une\u00a0 \u00e9quipe. [&hellip;]<\/p>\n","protected":false},"author":1,"featured_media":24561,"comment_status":"open","ping_status":"open","sticky":false,"template":"","format":"standard","meta":{"footnotes":""},"categories":[129,126,8,134,128,29],"tags":[],"class_list":["post-24560","post","type-post","status-publish","format-standard","has-post-thumbnail","hentry","category-caricature","category-cinema","category-culture-media","category-la-tempete-des-tropiques","category-litterature","category-musique"],"_links":{"self":[{"href":"http:\/\/www.latempete.info\/index.php?rest_route=\/wp\/v2\/posts\/24560"}],"collection":[{"href":"http:\/\/www.latempete.info\/index.php?rest_route=\/wp\/v2\/posts"}],"about":[{"href":"http:\/\/www.latempete.info\/index.php?rest_route=\/wp\/v2\/types\/post"}],"author":[{"embeddable":true,"href":"http:\/\/www.latempete.info\/index.php?rest_route=\/wp\/v2\/users\/1"}],"replies":[{"embeddable":true,"href":"http:\/\/www.latempete.info\/index.php?rest_route=%2Fwp%2Fv2%2Fcomments&post=24560"}],"version-history":[{"count":1,"href":"http:\/\/www.latempete.info\/index.php?rest_route=\/wp\/v2\/posts\/24560\/revisions"}],"predecessor-version":[{"id":24562,"href":"http:\/\/www.latempete.info\/index.php?rest_route=\/wp\/v2\/posts\/24560\/revisions\/24562"}],"wp:featuredmedia":[{"embeddable":true,"href":"http:\/\/www.latempete.info\/index.php?rest_route=\/wp\/v2\/media\/24561"}],"wp:attachment":[{"href":"http:\/\/www.latempete.info\/index.php?rest_route=%2Fwp%2Fv2%2Fmedia&parent=24560"}],"wp:term":[{"taxonomy":"category","embeddable":true,"href":"http:\/\/www.latempete.info\/index.php?rest_route=%2Fwp%2Fv2%2Fcategories&post=24560"},{"taxonomy":"post_tag","embeddable":true,"href":"http:\/\/www.latempete.info\/index.php?rest_route=%2Fwp%2Fv2%2Ftags&post=24560"}],"curies":[{"name":"wp","href":"https:\/\/api.w.org\/{rel}","templated":true}]}}