{"id":24842,"date":"2017-09-06T09:50:39","date_gmt":"2017-09-06T09:50:39","guid":{"rendered":"http:\/\/www.latempete.info\/?p=24842"},"modified":"2017-09-06T09:50:39","modified_gmt":"2017-09-06T09:50:39","slug":"24842-2","status":"publish","type":"post","link":"http:\/\/www.latempete.info\/?p=24842","title":{"rendered":"RDC-Belgique : Bruxelles pour l\u2019accentuation de la pression sur Joseph Kabila"},"content":{"rendered":"<p style=\"text-align: justify;\">Le ministre belge des Affaires \u00e9trang\u00e8res a une fois de plus donn\u00e9 de la voix sur la situation politique qui pr\u00e9vaut en RDC. Pour Didier Reynders qui s\u2019est confi\u00e9 \u00e0 la presse, il est imp\u00e9rieux d\u2019accentuer la pression sur les autorit\u00e9s congolaises en vue de bien se relancer dans l\u2019Accord de la Saint Sylvestre devant mettre fin \u00e0 la crise de l\u00e9gitimit\u00e9 politique aux cons\u00e9quences n\u00e9fastes \u00e0 travers le Congo-Kinshasa.<\/p>\n<p style=\"text-align: justify;\">Le Chef de la diplomatie belge trouve n\u00e9cessaire de voir le pays se doter rapidement via les urnes des dirigeants l\u00e9gitimes avec lesquels Bruxelles compte red\u00e9finir la coop\u00e9ration en faveur du d\u00e9veloppement. Du fait que la RDC est le premier partenaire du Royaume belge. Le premier cit\u00e9 b\u00e9n\u00e9ficie du second d\u2019environ 100 millions d\u2019euro par an.<\/p>\n<p style=\"text-align: justify;\">Accordant toute l\u2019importance \u00e0 la publication d\u2019un calendrier pr\u00e9cis pour les \u00e9lections en RDC, Didier Reynders s\u2019est clairement exprim\u00e9 dans ce sens avant son p\u00e9riple qu\u2019il compte entreprendre en direction de Kinshasa pour l\u2019inauguration du nouveau b\u00e2timent de l\u2019Ambassade, situ\u00e9 sur le Boulevard du 30 juin non loin du cimeti\u00e8re de la Gombe.<\/p>\n<p style=\"text-align: justify;\">Il se propose d\u2019engager des discussions, lors de son s\u00e9jour kinois, avec les autorit\u00e9s congolaises sur la nouvelle fa\u00e7on de travailler. Il promet d\u2019annoncer la remise \u00e0 plat des relations bilat\u00e9rales entre la RDC et la Belgique. Les conclusions des pourparlers d\u00e9pendront, d\u2019apr\u00e8s lui, de la l\u00e9gitimit\u00e9 des personnes avec lesquelles il faut traiter. D\u2019o\u00f9 toute l\u2019importance qu\u2019il accorde \u00e0 la tenue des \u00e9lections conform\u00e9ment \u00e0 l\u2019Accord politique obtenu sous l\u2019\u00e9gide la CENCO.<\/p>\n<p style=\"text-align: justify;\">Comme on le voit, la pression doit, selon le ministre belge des Affaires \u00e9trang\u00e8res, rester forte sur les tenants du pouvoir de mani\u00e8re \u00e0 les amener \u00e0 favoriser l\u2019alternance d\u00e9mocratique au Congo-Kinshasa. Le compromis obtenu apr\u00e8s moult tractations au Centre interdioc\u00e9sain passe pour lui comme la seule voie salutaire pour sortir la RDC du bourbier.<\/p>\n<p><em><strong>Par KerK<\/strong><\/em><\/p>\n","protected":false},"excerpt":{"rendered":"<p>Le ministre belge des Affaires \u00e9trang\u00e8res a une fois de plus donn\u00e9 de la voix sur la situation politique qui pr\u00e9vaut en RDC. Pour Didier Reynders qui s\u2019est confi\u00e9 \u00e0 la presse, il est imp\u00e9rieux d\u2019accentuer la pression sur les autorit\u00e9s congolaises en vue de bien se relancer dans l\u2019Accord de la Saint Sylvestre devant [&hellip;]<\/p>\n","protected":false},"author":1,"featured_media":24843,"comment_status":"open","ping_status":"open","sticky":false,"template":"","format":"standard","meta":{"footnotes":""},"categories":[136,27,134,130,5],"tags":[],"class_list":["post-24842","post","type-post","status-publish","format-standard","has-post-thumbnail","hentry","category-a-la-une","category-internationale","category-la-tempete-des-tropiques","category-nation","category-politique"],"_links":{"self":[{"href":"http:\/\/www.latempete.info\/index.php?rest_route=\/wp\/v2\/posts\/24842"}],"collection":[{"href":"http:\/\/www.latempete.info\/index.php?rest_route=\/wp\/v2\/posts"}],"about":[{"href":"http:\/\/www.latempete.info\/index.php?rest_route=\/wp\/v2\/types\/post"}],"author":[{"embeddable":true,"href":"http:\/\/www.latempete.info\/index.php?rest_route=\/wp\/v2\/users\/1"}],"replies":[{"embeddable":true,"href":"http:\/\/www.latempete.info\/index.php?rest_route=%2Fwp%2Fv2%2Fcomments&post=24842"}],"version-history":[{"count":1,"href":"http:\/\/www.latempete.info\/index.php?rest_route=\/wp\/v2\/posts\/24842\/revisions"}],"predecessor-version":[{"id":24844,"href":"http:\/\/www.latempete.info\/index.php?rest_route=\/wp\/v2\/posts\/24842\/revisions\/24844"}],"wp:featuredmedia":[{"embeddable":true,"href":"http:\/\/www.latempete.info\/index.php?rest_route=\/wp\/v2\/media\/24843"}],"wp:attachment":[{"href":"http:\/\/www.latempete.info\/index.php?rest_route=%2Fwp%2Fv2%2Fmedia&parent=24842"}],"wp:term":[{"taxonomy":"category","embeddable":true,"href":"http:\/\/www.latempete.info\/index.php?rest_route=%2Fwp%2Fv2%2Fcategories&post=24842"},{"taxonomy":"post_tag","embeddable":true,"href":"http:\/\/www.latempete.info\/index.php?rest_route=%2Fwp%2Fv2%2Ftags&post=24842"}],"curies":[{"name":"wp","href":"https:\/\/api.w.org\/{rel}","templated":true}]}}