{"id":25012,"date":"2017-09-12T09:48:06","date_gmt":"2017-09-12T09:48:06","guid":{"rendered":"http:\/\/www.latempete.info\/?p=25012"},"modified":"2017-09-12T09:48:06","modified_gmt":"2017-09-12T09:48:06","slug":"25012-2","status":"publish","type":"post","link":"http:\/\/www.latempete.info\/?p=25012","title":{"rendered":"Avec un calendrier \u00e9lectoral alternatif pr\u00e9voyant les \u00e9lections pr\u00e9sidentielles et l\u00e9gislatives en d\u00e9cembre 2019 : La soci\u00e9t\u00e9 civile Forces Vives jette un pav\u00e9 dans la mare"},"content":{"rendered":"<p style=\"text-align: justify;\">Au moment o\u00f9 la population congolaise dans son ensemble attend les \u00e9lections \u00e0 la fin de cette ann\u00e9e, conform\u00e9ment \u00e0 la lettre et \u00e0 l\u2019esprit de l\u2019Accord du 31 d\u00e9cembre 2016, les experts de la Soci\u00e9t\u00e9 civile Forces Vives viennent de jeter un pav\u00e9 dans la mare en r\u00e9alisant et publiant un calendrier alternatif, pr\u00e9voyant les scrutins pr\u00e9sidentiels et l\u00e9gislatifs en d\u00e9cembre 2019.\u00a0 Ce chronogramme pr\u00e9voit la r\u00e9vision de la loi \u00e9lectorale et ses annexes sur la r\u00e9partition des si\u00e8ges entre mars 2018 et octobre 2018.<\/p>\n<p style=\"text-align: justify;\">\u00a0Ce chantier l\u00e9gislatif ne peut d\u00e9buter qu\u2019\u00e0 la session parlementaire de mars 2018, parce qu\u2019il faut entendre la fin de l\u2019enr\u00f4lement des \u00e9lecteurs dans les\u00a0 provinces du Kasa\u00ef et du Kasa\u00ef Central en d\u00e9cembre 2017. Il faut aussi attendre le traitement du fichier \u00e9lectoral, qui prendra les mois de janvier et f\u00e9vrier 2018 pour suivre sa proc\u00e9dure de promulgation par le pr\u00e9sident de la R\u00e9publique, apr\u00e8s avis de la Cour constitutionnelle, renseigne ce document. D\u2019octobre 2018 \u00e0 avril 2019, ce calendrier pr\u00e9conise les pr\u00e9paratifs et l\u2019actualisation des candidatures ainsi que des contentieux des d\u00e9put\u00e9s.<\/p>\n<p style=\"text-align: justify;\">\u00a0Mais les contraintes financi\u00e8res ou politiques peuvent faire bouger ces estimations. Le calendrier alternatif de la soci\u00e9t\u00e9 civile forces Vives fixe le d\u00e9p\u00f4t des candidatures tout comme les contentieux pr\u00e9sidentiel et des d\u00e9put\u00e9s nationaux entre octobre 2018 et avril 2019.\u00a0 Les experts de la centrale \u00e9lectorale de la soci\u00e9t\u00e9 civile forces vives estiment dans leur document que les campagnes \u00e9lectorales pour toutes les \u00e9lections pr\u00e9sidentielle, l\u00e9gislatives et provinciales devraient d\u00e9buter de novembre 2019 \u00e0 d\u00e9cembre 2019. Mais la contrainte s\u00e9curitaire et politique constitue un d\u00e9fi majeur pour le bon d\u00e9roulement de cette campagne \u00e9lectorale.<\/p>\n<p style=\"text-align: justify;\">Pour Me Carlos Mupili, coordonnateur provincial de la Soci\u00e9t\u00e9 civile Forces Vives, leur calendrier \u00e9lectoral est un tableau de bord pour permettre \u00e0 la population d\u2019appr\u00e9cier l\u2019\u00e9ch\u00e9ance par rapport aux activit\u00e9s \u00e9lectorales jusqu\u2019aux scrutins, afin de lui \u00e9viter de consommer un autre calendrier d\u00e9magogique et irr\u00e9aliste. La fin 2019 n\u2019est pas un souhait ni sa proposition \u00e0 la Commission Electorale Nationale Ind\u00e9pendante (CENI), mais un r\u00e9sultat ind\u00e9pendant et scientifique de cette centrale \u00e9lectorale de la soci\u00e9t\u00e9 civile, en tenant compte du chemin critique de ce processus \u00e9lectoral, a estim\u00e9 Me Mupili. Mais\u00a0 il reconnait \u00e0 la CENI la qualit\u00e9 exclusive de produire un calendrier opposable \u00e0 tous.<\/p>\n<p style=\"text-align: justify;\"><em><strong>Par God\u00e9 Kalonji<\/strong><\/em><\/p>\n","protected":false},"excerpt":{"rendered":"<p>Au moment o\u00f9 la population congolaise dans son ensemble attend les \u00e9lections \u00e0 la fin de cette ann\u00e9e, conform\u00e9ment \u00e0 la lettre et \u00e0 l\u2019esprit de l\u2019Accord du 31 d\u00e9cembre 2016, les experts de la Soci\u00e9t\u00e9 civile Forces Vives viennent de jeter un pav\u00e9 dans la mare en r\u00e9alisant et publiant un calendrier alternatif, pr\u00e9voyant [&hellip;]<\/p>\n","protected":false},"author":1,"featured_media":23089,"comment_status":"open","ping_status":"open","sticky":false,"template":"","format":"standard","meta":{"footnotes":""},"categories":[134,130,5],"tags":[],"class_list":["post-25012","post","type-post","status-publish","format-standard","has-post-thumbnail","hentry","category-la-tempete-des-tropiques","category-nation","category-politique"],"_links":{"self":[{"href":"http:\/\/www.latempete.info\/index.php?rest_route=\/wp\/v2\/posts\/25012"}],"collection":[{"href":"http:\/\/www.latempete.info\/index.php?rest_route=\/wp\/v2\/posts"}],"about":[{"href":"http:\/\/www.latempete.info\/index.php?rest_route=\/wp\/v2\/types\/post"}],"author":[{"embeddable":true,"href":"http:\/\/www.latempete.info\/index.php?rest_route=\/wp\/v2\/users\/1"}],"replies":[{"embeddable":true,"href":"http:\/\/www.latempete.info\/index.php?rest_route=%2Fwp%2Fv2%2Fcomments&post=25012"}],"version-history":[{"count":1,"href":"http:\/\/www.latempete.info\/index.php?rest_route=\/wp\/v2\/posts\/25012\/revisions"}],"predecessor-version":[{"id":25013,"href":"http:\/\/www.latempete.info\/index.php?rest_route=\/wp\/v2\/posts\/25012\/revisions\/25013"}],"wp:featuredmedia":[{"embeddable":true,"href":"http:\/\/www.latempete.info\/index.php?rest_route=\/wp\/v2\/media\/23089"}],"wp:attachment":[{"href":"http:\/\/www.latempete.info\/index.php?rest_route=%2Fwp%2Fv2%2Fmedia&parent=25012"}],"wp:term":[{"taxonomy":"category","embeddable":true,"href":"http:\/\/www.latempete.info\/index.php?rest_route=%2Fwp%2Fv2%2Fcategories&post=25012"},{"taxonomy":"post_tag","embeddable":true,"href":"http:\/\/www.latempete.info\/index.php?rest_route=%2Fwp%2Fv2%2Ftags&post=25012"}],"curies":[{"name":"wp","href":"https:\/\/api.w.org\/{rel}","templated":true}]}}