{"id":25043,"date":"2017-09-13T09:56:31","date_gmt":"2017-09-13T09:56:31","guid":{"rendered":"http:\/\/www.latempete.info\/?p=25043"},"modified":"2017-09-13T09:56:31","modified_gmt":"2017-09-13T09:56:31","slug":"25043-2","status":"publish","type":"post","link":"http:\/\/www.latempete.info\/?p=25043","title":{"rendered":"En vue d\u2019accentuer la pression  sur Joseph Kabila d\u2019ici 19 septembre : Le Mouvement citoyen \u00ab ECCHA \u00bb lance la campagne d\u00e9nomm\u00e9e \u00ab Chaise vide \u00bb"},"content":{"rendered":"<p style=\"text-align: justify;\">Engagement Citoyen pour le Changement (ECCHA), un Mouvement Citoyen non violent et non partisan des Jeunes de la R\u00e9publique D\u00e9mocratique du Congo continue d\u2019accentuer la pression sur le chef de l\u2019Etat, Joseph Kabila, en initiant le 19 de ce mois une campagne de sensibilisation et de mobilisation citoyenne d\u00e9nomm\u00e9e\u00a0\u00ab\u00a0Chaise vide\u00a0\u00bb. Apr\u00e8s r\u00e9flexion, ECCHA conclut que Joseph Kabila ne poss\u00e8de pas le mandat du peuple et dirige le pays par d\u00e9fis. Ainsi, les Congolais r\u00e9unis dans ECCHA estiment que \u00ab\u00a0le fauteuil pr\u00e9sidentiel n\u2019est pas occup\u00e9, il est donc vide\u00a0\u00bb.<\/p>\n<p style=\"text-align: justify;\">D\u2019o\u00f9 cette action du 19 septembre 2017 \u00e0 travers toute l\u2019\u00e9tendue de la R\u00e9publique d\u00e9nomm\u00e9e \u00ab\u00a0Chaise\u00a0 vide\u00a0\u00bb\u00a0 qui a pour objectif d\u2019\u00e9veiller la conscience du peuple congolais et de rappeler que la personne qui le dirige n\u2019as pas son mandat, de faire participer une grande masse populaire dans l\u2019action et de pousser le peuple \u00e0 comprendre les enjeux de l\u2019heure, d\u2019envoyer un message fort \u00e0 la Communaut\u00e9 Internationale de sorte qu\u2019elle comprenne que le peuple est fatigu\u00e9 des dirigeants non \u00e9lus qui ne respectent pas les Droits Humains.<\/p>\n<p style=\"text-align: justify;\">Dans cette campagne, ECCHA prend comme Cible la Commission Electorale Nationale Ind\u00e9pendante (CENI) qui est appel\u00e9e \u00e0 mettre toutes les batteries en marche en vue de l\u2019organisation des \u00e9lections conform\u00e9ment \u00e0 l\u2019Accord du 31 d\u00e9cembre 2016.\u00a0 Partant du contexte politique actuel, le mouvement citoyen ECCHA\u00a0 constate que l\u2019autorit\u00e9 morale de la MP n\u2019a pas respect\u00e9 la Constitution de la R\u00e9publique, l\u2019Accord issu du dialogue de l\u2019U.A., mais s\u2019est permis de torpiller l\u2019Accord issu du Dialogue Politique Global et Inclusif du 31 d\u00e9cembre 2016 pr\u00e9voyant les \u00e9lections \u00e0 la fin de cette ann\u00e9e.<\/p>\n<p style=\"text-align: justify;\"><em><strong>Par GKM<\/strong><\/em><\/p>\n","protected":false},"excerpt":{"rendered":"<p>Engagement Citoyen pour le Changement (ECCHA), un Mouvement Citoyen non violent et non partisan des Jeunes de la R\u00e9publique D\u00e9mocratique du Congo continue d\u2019accentuer la pression sur le chef de l\u2019Etat, Joseph Kabila, en initiant le 19 de ce mois une campagne de sensibilisation et de mobilisation citoyenne d\u00e9nomm\u00e9e\u00a0\u00ab\u00a0Chaise vide\u00a0\u00bb. Apr\u00e8s r\u00e9flexion, ECCHA conclut que [&hellip;]<\/p>\n","protected":false},"author":1,"featured_media":22004,"comment_status":"open","ping_status":"open","sticky":false,"template":"","format":"standard","meta":{"footnotes":""},"categories":[46,115,4,134],"tags":[],"class_list":["post-25043","post","type-post","status-publish","format-standard","has-post-thumbnail","hentry","category-analyses","category-debat-opinion","category-forum","category-la-tempete-des-tropiques"],"_links":{"self":[{"href":"http:\/\/www.latempete.info\/index.php?rest_route=\/wp\/v2\/posts\/25043"}],"collection":[{"href":"http:\/\/www.latempete.info\/index.php?rest_route=\/wp\/v2\/posts"}],"about":[{"href":"http:\/\/www.latempete.info\/index.php?rest_route=\/wp\/v2\/types\/post"}],"author":[{"embeddable":true,"href":"http:\/\/www.latempete.info\/index.php?rest_route=\/wp\/v2\/users\/1"}],"replies":[{"embeddable":true,"href":"http:\/\/www.latempete.info\/index.php?rest_route=%2Fwp%2Fv2%2Fcomments&post=25043"}],"version-history":[{"count":1,"href":"http:\/\/www.latempete.info\/index.php?rest_route=\/wp\/v2\/posts\/25043\/revisions"}],"predecessor-version":[{"id":25044,"href":"http:\/\/www.latempete.info\/index.php?rest_route=\/wp\/v2\/posts\/25043\/revisions\/25044"}],"wp:featuredmedia":[{"embeddable":true,"href":"http:\/\/www.latempete.info\/index.php?rest_route=\/wp\/v2\/media\/22004"}],"wp:attachment":[{"href":"http:\/\/www.latempete.info\/index.php?rest_route=%2Fwp%2Fv2%2Fmedia&parent=25043"}],"wp:term":[{"taxonomy":"category","embeddable":true,"href":"http:\/\/www.latempete.info\/index.php?rest_route=%2Fwp%2Fv2%2Fcategories&post=25043"},{"taxonomy":"post_tag","embeddable":true,"href":"http:\/\/www.latempete.info\/index.php?rest_route=%2Fwp%2Fv2%2Ftags&post=25043"}],"curies":[{"name":"wp","href":"https:\/\/api.w.org\/{rel}","templated":true}]}}