{"id":25046,"date":"2017-09-13T10:21:37","date_gmt":"2017-09-13T10:21:37","guid":{"rendered":"http:\/\/www.latempete.info\/?p=25046"},"modified":"2017-09-13T10:21:37","modified_gmt":"2017-09-13T10:21:37","slug":"alternance-en-rdc-le-mouvement-filimbi-appelle-a-ladhesion-massive-au-manifeste-du-citoyen-congolais-signe-a-paris","status":"publish","type":"post","link":"http:\/\/www.latempete.info\/?p=25046","title":{"rendered":"Alternance en RDC : Le mouvement Filimbi  appelle \u00e0 l\u2019adh\u00e9sion massive au \u00ab Manifeste du Citoyen congolais \u00bb sign\u00e9 \u00e0 Paris"},"content":{"rendered":"<p style=\"text-align: justify;\">Pour Carbone Beni, activiste membre du mouvement citoyen Filimbi, le manifeste du Citoyen est la seule id\u00e9e qui puisse rassembler tous ceux qui veulent le d\u00e9part de Joseph Kabila. Il s\u2019est exprim\u00e9 dans un communiqu\u00e9 de son mouvement rendu public hier mardi 12 septembre 2017 \u00e0 Kinshasa.<\/p>\n<p style=\"text-align: justify;\">A en croire le charg\u00e9 de d\u00e9ploiement et strat\u00e9gie de Filimbi, le manifeste du Citoyen congolais est la seule id\u00e9e qui puisse permettre de sensibiliser le plus grand nombre de citoyens congolais afin d\u2019avoir une forte mobilisation lors de prochaines actions visant \u00e0 obtenir le d\u00e9part de Joseph Kabila.<\/p>\n<p style=\"text-align: justify;\">Pour lui, ce manifeste doit quitter le virtuel et se mat\u00e9rialiser \u00e0 travers l\u2019engagement et la d\u00e9termination d\u2019agir sur terrain d\u2019autant plus qu\u2019il r\u00e9pond largement \u00e0 l\u2019appel des \u00e9v\u00eaques catholiques.\u00a0 \u00ab\u00a0On n\u2019a pas de temps \u00e0 perdre une fois de plus. Pour ceux qui essayent de le combattre, vous perdez votre temps car petit \u00e0 petit cette l\u2019id\u00e9e est en train d\u2019\u00eatre appropri\u00e9 par les\u00a0 citoyens congolais jusqu\u2019aux actions de grandes envergures\u00a0\u00bb, a\u2013t-il martel\u00e9.<\/p>\n<p style=\"text-align: justify;\">Aux forces vives sociales et politiques, il en appelle \u00e0 la grandeur qui est aussi la capacit\u00e9 d\u2019accepter et de s\u2019approprier une id\u00e9e, une d\u00e9marche ou une proposition \u00ab\u00a0qui ne vient pas forc\u00e9ment de nous\u00a0\u00bb, mais qui est porteuse d\u2019une solution ad\u00e9quate pour l\u2019int\u00e9r\u00eat commun.\u00a0\u00ab\u00a0 Mettons de cot\u00e9 nos \u00e9gos, nos sentiments et surtout nos amours propres pour une fois et voyons tous dans la m\u00eame direction avec une m\u00eame id\u00e9e et d\u00e9marche alors nous vaincrons\u00a0\u00bb tance Carbone Beni.<\/p>\n<p style=\"text-align: justify;\">\u00ab\u00a0Que l\u2019unit\u00e9 ne se fasse plus autour des individus car ils peuvent changer des camps \u00e0 tout moment, ou des plate-formes qui, apr\u00e8s quelques temps, parviennent \u00e0 se diviser, \u00e0 se d\u00e9doubler et \u00e0 changer de d\u00e9marches\u00a0\u00bb, a-t-il ajout\u00e9. Il a estim\u00e9 par ailleurs que l\u2019unit\u00e9 puisse se faire cette fois-ci autour des valeurs, autour des id\u00e9es et autour d\u2019une cause commune port\u00e9s et partag\u00e9es par tous, non seulement par une classe dite politique ou sociale.<\/p>\n<p style=\"text-align: justify;\"><em><strong>Par Julie Muadi<\/strong><\/em><\/p>\n","protected":false},"excerpt":{"rendered":"<p>Pour Carbone Beni, activiste membre du mouvement citoyen Filimbi, le manifeste du Citoyen est la seule id\u00e9e qui puisse rassembler tous ceux qui veulent le d\u00e9part de Joseph Kabila. Il s\u2019est exprim\u00e9 dans un communiqu\u00e9 de son mouvement rendu public hier mardi 12 septembre 2017 \u00e0 Kinshasa. A en croire le charg\u00e9 de d\u00e9ploiement et [&hellip;]<\/p>\n","protected":false},"author":1,"featured_media":15654,"comment_status":"open","ping_status":"open","sticky":false,"template":"","format":"standard","meta":{"footnotes":""},"categories":[134,10],"tags":[],"class_list":["post-25046","post","type-post","status-publish","format-standard","has-post-thumbnail","hentry","category-la-tempete-des-tropiques","category-societe"],"_links":{"self":[{"href":"http:\/\/www.latempete.info\/index.php?rest_route=\/wp\/v2\/posts\/25046"}],"collection":[{"href":"http:\/\/www.latempete.info\/index.php?rest_route=\/wp\/v2\/posts"}],"about":[{"href":"http:\/\/www.latempete.info\/index.php?rest_route=\/wp\/v2\/types\/post"}],"author":[{"embeddable":true,"href":"http:\/\/www.latempete.info\/index.php?rest_route=\/wp\/v2\/users\/1"}],"replies":[{"embeddable":true,"href":"http:\/\/www.latempete.info\/index.php?rest_route=%2Fwp%2Fv2%2Fcomments&post=25046"}],"version-history":[{"count":1,"href":"http:\/\/www.latempete.info\/index.php?rest_route=\/wp\/v2\/posts\/25046\/revisions"}],"predecessor-version":[{"id":25047,"href":"http:\/\/www.latempete.info\/index.php?rest_route=\/wp\/v2\/posts\/25046\/revisions\/25047"}],"wp:featuredmedia":[{"embeddable":true,"href":"http:\/\/www.latempete.info\/index.php?rest_route=\/wp\/v2\/media\/15654"}],"wp:attachment":[{"href":"http:\/\/www.latempete.info\/index.php?rest_route=%2Fwp%2Fv2%2Fmedia&parent=25046"}],"wp:term":[{"taxonomy":"category","embeddable":true,"href":"http:\/\/www.latempete.info\/index.php?rest_route=%2Fwp%2Fv2%2Fcategories&post=25046"},{"taxonomy":"post_tag","embeddable":true,"href":"http:\/\/www.latempete.info\/index.php?rest_route=%2Fwp%2Fv2%2Ftags&post=25046"}],"curies":[{"name":"wp","href":"https:\/\/api.w.org\/{rel}","templated":true}]}}