{"id":25056,"date":"2017-09-14T07:06:50","date_gmt":"2017-09-14T07:06:50","guid":{"rendered":"http:\/\/www.latempete.info\/?p=25056"},"modified":"2017-09-14T07:06:50","modified_gmt":"2017-09-14T07:06:50","slug":"le-kongo-central-parmi-les-4-provinces-beneficiaires-du-projet-dappui-a-la-creation-des-pme","status":"publish","type":"post","link":"http:\/\/www.latempete.info\/?p=25056","title":{"rendered":"Le Kongo Central  parmi les 4 provinces b\u00e9n\u00e9ficiaires du projet d&rsquo;appui \u00e0 la cr\u00e9ation des PME"},"content":{"rendered":"<p style=\"text-align: justify;\">Le Kongo Central a \u00e9t\u00e9 retenu parmi les quatre provinces de la R\u00e9publique D\u00e9mocratique du Congo qui b\u00e9n\u00e9ficieront d\u00e9sormais des avantages du nouveau Projet d&rsquo;Appui \u00e0 la cr\u00e9ation des Petites et Moyennes Entreprises (PME), ayant pour objectif non seulement de lutter contre la vuln\u00e9rabilit\u00e9 des entreprises, mais aussi de faciliter la pratique des affaires en faveur de jeunes entrepreneurs.<\/p>\n<p style=\"text-align: justify;\">La confirmation de cette nouvelle qui d\u00e9fraye a \u00e9t\u00e9 faite \u00e0 la presse locale par une importante d\u00e9l\u00e9gation de la Banque Mondiale, conduite par Alain Traor\u00e9, le charg\u00e9 de principales op\u00e9rations dudit projet. C&rsquo;\u00e9tait au terme de la r\u00e9union que cette derni\u00e8re d\u00e9l\u00e9gation a eue tout derni\u00e8rement avec le Chef de l&rsquo;Ex\u00e9cutif provincial du Kongo Central, jacques Mbadu Sita.<\/p>\n<p style=\"text-align: justify;\">\u00a0 A noter qu&rsquo;une grande partie du financement de ce projet de grande envergure socio-\u00e9conomique est essentiellement r\u00e9serv\u00e9e \u00e0 la femme entrepreneur des quatre provinces cibl\u00e9es \u00e0\u00a0 savoir : le Kongo Central, le Lualaba, le Kolwezi et enfin la ville-province de Kinshasa.<\/p>\n<p style=\"text-align: justify;\">A cet effet, le souci primordial animant l&rsquo;autorit\u00e9 provinciale est de voir les jeunes entrepreneurs de son entit\u00e9 qui b\u00e9n\u00e9ficieront du financement de ce projet le mettre \u00e0 profit et, \u00e9ventuellement, en assurer une gestion saine et transparente, en vue du d\u00e9veloppement harmonieux des petites et moyennes entreprises du Kongo Central. C&rsquo;est aussi le souhait ardent de tous les op\u00e9rateurs \u00e9conomiques de cette contr\u00e9e de la RD Congo.<\/p>\n<p style=\"text-align: justify;\"><em><strong>Par Dieudonn\u00e9 Muaka Dimbi<\/strong><\/em><\/p>\n","protected":false},"excerpt":{"rendered":"<p>Le Kongo Central a \u00e9t\u00e9 retenu parmi les quatre provinces de la R\u00e9publique D\u00e9mocratique du Congo qui b\u00e9n\u00e9ficieront d\u00e9sormais des avantages du nouveau Projet d&rsquo;Appui \u00e0 la cr\u00e9ation des Petites et Moyennes Entreprises (PME), ayant pour objectif non seulement de lutter contre la vuln\u00e9rabilit\u00e9 des entreprises, mais aussi de faciliter la pratique des affaires en [&hellip;]<\/p>\n","protected":false},"author":1,"featured_media":20327,"comment_status":"open","ping_status":"open","sticky":false,"template":"","format":"standard","meta":{"footnotes":""},"categories":[41,7,134],"tags":[],"class_list":["post-25056","post","type-post","status-publish","format-standard","has-post-thumbnail","hentry","category-commerce","category-economie","category-la-tempete-des-tropiques"],"_links":{"self":[{"href":"http:\/\/www.latempete.info\/index.php?rest_route=\/wp\/v2\/posts\/25056"}],"collection":[{"href":"http:\/\/www.latempete.info\/index.php?rest_route=\/wp\/v2\/posts"}],"about":[{"href":"http:\/\/www.latempete.info\/index.php?rest_route=\/wp\/v2\/types\/post"}],"author":[{"embeddable":true,"href":"http:\/\/www.latempete.info\/index.php?rest_route=\/wp\/v2\/users\/1"}],"replies":[{"embeddable":true,"href":"http:\/\/www.latempete.info\/index.php?rest_route=%2Fwp%2Fv2%2Fcomments&post=25056"}],"version-history":[{"count":1,"href":"http:\/\/www.latempete.info\/index.php?rest_route=\/wp\/v2\/posts\/25056\/revisions"}],"predecessor-version":[{"id":25057,"href":"http:\/\/www.latempete.info\/index.php?rest_route=\/wp\/v2\/posts\/25056\/revisions\/25057"}],"wp:featuredmedia":[{"embeddable":true,"href":"http:\/\/www.latempete.info\/index.php?rest_route=\/wp\/v2\/media\/20327"}],"wp:attachment":[{"href":"http:\/\/www.latempete.info\/index.php?rest_route=%2Fwp%2Fv2%2Fmedia&parent=25056"}],"wp:term":[{"taxonomy":"category","embeddable":true,"href":"http:\/\/www.latempete.info\/index.php?rest_route=%2Fwp%2Fv2%2Fcategories&post=25056"},{"taxonomy":"post_tag","embeddable":true,"href":"http:\/\/www.latempete.info\/index.php?rest_route=%2Fwp%2Fv2%2Ftags&post=25056"}],"curies":[{"name":"wp","href":"https:\/\/api.w.org\/{rel}","templated":true}]}}