{"id":25065,"date":"2017-09-14T07:46:17","date_gmt":"2017-09-14T07:46:17","guid":{"rendered":"http:\/\/www.latempete.info\/?p=25065"},"modified":"2017-09-14T07:46:17","modified_gmt":"2017-09-14T07:46:17","slug":"journee-internationale-de-la-democratie-la-rd-congo-disqualifiee","status":"publish","type":"post","link":"http:\/\/www.latempete.info\/?p=25065","title":{"rendered":"Journ\u00e9e internationale de la d\u00e9mocratie : la RD Congo disqualifi\u00e9e"},"content":{"rendered":"<p style=\"text-align: justify;\">Le monde va c\u00e9l\u00e9brer, demain vendredi 15 septembre, la journ\u00e9e internationale de la d\u00e9mocratie. Le choix de cette date a \u00e9t\u00e9 effectu\u00e9 par l&rsquo;Organisation des Nations Unies en tenant compte du jour de l&rsquo;adoption, en septembre 1997, de la D\u00e9claration Universelle sur la D\u00e9mocratie.<\/p>\n<p style=\"text-align: justify;\">Cette D\u00e9claration pose les principes constitutifs d&rsquo;une d\u00e9mocratie. Elle d\u00e9finit les caract\u00e9ristiques et les fonctions d&rsquo;un Gouvernement d\u00e9mocratique.\u00a0 Dans sa deuxi\u00e8me partie relative aux \u00e9l\u00e9ments et \u00e0 l&rsquo;exercice d&rsquo;un Gouvernement d\u00e9mocratique, le point 12 de cette D\u00e9claration indique que \u00a0\u00bb l&rsquo;\u00e9l\u00e9ment cl\u00e9 de l&rsquo;exercice de la d\u00e9mocratie est la tenue \u00e0 intervalles p\u00e9riodiques d&rsquo;\u00e9lections libres et r\u00e9guli\u00e8res permettant l&rsquo;expression de la volont\u00e9 populaire.<\/p>\n<p style=\"text-align: justify;\">Ces \u00e9lections doivent se tenir, sur la base du suffrage universel, \u00e9gal et secret, de telle sorte que tous les \u00e9lecteurs puissent choisir leurs repr\u00e9sentants dans des conditions d&rsquo;\u00e9galit\u00e9, d&rsquo;ouverture et de transparence qui stimulent la concurrence politique. C&rsquo;est pourquoi les droits civils et politiques sont essentiels, et plus particuli\u00e8rement, le droit de voter et d&rsquo;\u00eatre \u00e9lu, le droit \u00e0 la libert\u00e9 d&rsquo;expression et de r\u00e9union, l&rsquo;acc\u00e8s \u00e0 l&rsquo;information, et le droit de constituer des partis politiques et de mener des activit\u00e9s politiques\u2026 \u00a0\u00bb<\/p>\n<p><strong>Arrestations arbitraires<\/strong><\/p>\n<p style=\"text-align: justify;\">Le point 20 ajoute que \u00a0\u00bb les processus d\u00e9mocratiques s&rsquo;\u00e9panouissent dans un environnement \u00e9conomique favorable; aussi, dans son effort g\u00e9n\u00e9ral de d\u00e9veloppement, la soci\u00e9t\u00e9 doit-elle s&rsquo;attacher tout particuli\u00e8rement \u00e0 satisfaire les besoins \u00e9conomiques fondamentaux des couches d\u00e9favoris\u00e9es assurant ainsi leur pleine int\u00e9gration au processus de la d\u00e9mocratie \u00ab\u00a0, tandis que le point 21 pr\u00e9cise que \u00a0\u00bb l&rsquo;\u00e9tat de d\u00e9mocratie suppose et la libert\u00e9 d&rsquo;opinion et la libert\u00e9 d&rsquo;expression, ce qui implique le droit de n&rsquo;\u00eatre pas inqui\u00e9t\u00e9 pour ses opinions et celui de chercher, recevoir et r\u00e9pandre les informations et les id\u00e9es, sans consid\u00e9rations de fronti\u00e8res, par quelque moyen d&rsquo;expression que ce soit \u00ab\u00a0.<\/p>\n<p style=\"text-align: justify;\">S&rsquo;il faut s&rsquo;en tenir \u00e0 ces quelques d\u00e9tails, la R\u00e9publique D\u00e9mocratique du Congo est loin d&rsquo;\u00eatre un pays d\u00e9mocratique au regard des d\u00e9boires et de la pr\u00e9carit\u00e9 \u00e9conomiques entretenus par les Gouvernements qui se succ\u00e8dent dans un contexte o\u00f9 les populations dans des conditions infernales. Depuis des d\u00e9cennies, les besoins de ces populations ne sont jamais satisfaits. En plus, la libert\u00e9 d&rsquo;opinion et la libert\u00e9 d&rsquo;expression sont constamment viol\u00e9es par certains services publics.<\/p>\n<p><strong>Solidarit\u00e9 envers les victimes des violations des droits fondamentaux<\/strong><\/p>\n<p style=\"text-align: justify;\">Pour leur part, les analystes invitent le Conseil de S\u00e9curit\u00e9 des Nations Unies et l&rsquo;Union Europ\u00e9enne \u00e0 prendre toutes les dispositions n\u00e9cessaires pour sauver les populations de la RD Congo en proie aux exactions, en vertu du point 27 de la troisi\u00e8me partie de la D\u00e9claration Universelle sur la D\u00e9mocratie qui stipule : \u00a0\u00bb Une d\u00e9mocratie doit d\u00e9fendre les principes d\u00e9mocratiques dans les relations internationales.<\/p>\n<p style=\"text-align: justify;\">A cet \u00e9gard, les d\u00e9mocraties doivent s&rsquo;abstenir de tout comportement non d\u00e9mocratique, exprimer leur solidarit\u00e9 avec les gouvernements d\u00e9mocratiques et les acteurs non \u00e9tatiques comme les ONG qui \u0153uvrent pour la d\u00e9mocratie et les droits de l&rsquo;homme et \u00eatre solidaires de ceux qui sont victimes de violations des droits fondamentaux perp\u00e9tr\u00e9es par de r\u00e9gimes non d\u00e9mocratiques. Afin de renforcer la justice p\u00e9nale internationale, les d\u00e9mocraties doivent rejeter l&rsquo;impunit\u00e9 pour les crimes internationaux et les violations graves des droits de l&rsquo;homme fondamentaux\u2026 \u00a0\u00bb<\/p>\n<p><em><strong>Par Asiyeshindwa<\/strong><\/em><\/p>\n","protected":false},"excerpt":{"rendered":"<p>Le monde va c\u00e9l\u00e9brer, demain vendredi 15 septembre, la journ\u00e9e internationale de la d\u00e9mocratie. Le choix de cette date a \u00e9t\u00e9 effectu\u00e9 par l&rsquo;Organisation des Nations Unies en tenant compte du jour de l&rsquo;adoption, en septembre 1997, de la D\u00e9claration Universelle sur la D\u00e9mocratie. Cette D\u00e9claration pose les principes constitutifs d&rsquo;une d\u00e9mocratie. Elle d\u00e9finit les [&hellip;]<\/p>\n","protected":false},"author":1,"featured_media":18350,"comment_status":"open","ping_status":"open","sticky":false,"template":"","format":"standard","meta":{"footnotes":""},"categories":[136,27,134,130,5],"tags":[],"class_list":["post-25065","post","type-post","status-publish","format-standard","has-post-thumbnail","hentry","category-a-la-une","category-internationale","category-la-tempete-des-tropiques","category-nation","category-politique"],"_links":{"self":[{"href":"http:\/\/www.latempete.info\/index.php?rest_route=\/wp\/v2\/posts\/25065"}],"collection":[{"href":"http:\/\/www.latempete.info\/index.php?rest_route=\/wp\/v2\/posts"}],"about":[{"href":"http:\/\/www.latempete.info\/index.php?rest_route=\/wp\/v2\/types\/post"}],"author":[{"embeddable":true,"href":"http:\/\/www.latempete.info\/index.php?rest_route=\/wp\/v2\/users\/1"}],"replies":[{"embeddable":true,"href":"http:\/\/www.latempete.info\/index.php?rest_route=%2Fwp%2Fv2%2Fcomments&post=25065"}],"version-history":[{"count":1,"href":"http:\/\/www.latempete.info\/index.php?rest_route=\/wp\/v2\/posts\/25065\/revisions"}],"predecessor-version":[{"id":25066,"href":"http:\/\/www.latempete.info\/index.php?rest_route=\/wp\/v2\/posts\/25065\/revisions\/25066"}],"wp:featuredmedia":[{"embeddable":true,"href":"http:\/\/www.latempete.info\/index.php?rest_route=\/wp\/v2\/media\/18350"}],"wp:attachment":[{"href":"http:\/\/www.latempete.info\/index.php?rest_route=%2Fwp%2Fv2%2Fmedia&parent=25065"}],"wp:term":[{"taxonomy":"category","embeddable":true,"href":"http:\/\/www.latempete.info\/index.php?rest_route=%2Fwp%2Fv2%2Fcategories&post=25065"},{"taxonomy":"post_tag","embeddable":true,"href":"http:\/\/www.latempete.info\/index.php?rest_route=%2Fwp%2Fv2%2Ftags&post=25065"}],"curies":[{"name":"wp","href":"https:\/\/api.w.org\/{rel}","templated":true}]}}