{"id":27006,"date":"2018-01-10T09:45:21","date_gmt":"2018-01-10T09:45:21","guid":{"rendered":"http:\/\/www.latempete.info\/?p=27006"},"modified":"2018-01-10T09:45:21","modified_gmt":"2018-01-10T09:45:21","slug":"pour-mettre-fin-a-la-crise-politique-et-securitaire-en-rdc-lur-exhume-laccord-cadre-daddis-abeba-et-les-resolutions-2098-2147-2211-et-2277-du-cs-de-lonu","status":"publish","type":"post","link":"http:\/\/www.latempete.info\/?p=27006","title":{"rendered":"Pour mettre fin \u00e0 la crise politique et s\u00e9curitaire en RDC : L\u2019UR exhume l\u2019Accord-cadre d\u2019Addis-Abeba et les r\u00e9solutions 2098, 2147, 2211 et 2277 du CS de l\u2019ONU"},"content":{"rendered":"<p style=\"text-align: justify;\">Pour mettre fin \u00e0 la crise politique et s\u00e9curitaire qui ronge la R\u00e9publique d\u00e9mocratique du Congo (RDC), l\u2019Union des R\u00e9publicains (UR) de Norbert Luyeye propose la r\u00e9habilitation de l\u2019Accord-cadre d\u2019Addis-Abeba sign\u00e9 le 24 f\u00e9vrier 2013 et des r\u00e9solutions 2098, 2147, 2211 et 2277 du Conseil de S\u00e9curit\u00e9 de l\u2019ONU.<\/p>\n<p style=\"text-align: justify;\">Cette suggestion est contenue dans un m\u00e9morandum adress\u00e9, le 20 octobre 2017, \u00e0 l\u2019ambassadrice des Etats-Unis aux Nations-Unies et envoy\u00e9e sp\u00e9ciale de Donald Trump, Nikki Haley, sign\u00e9 par le secr\u00e9taire g\u00e9n\u00e9ral du parti, Jean Luvualu Ekombe, le pr\u00e9sident national Norbert Luyeye \u00e9tant en prison.<\/p>\n<p style=\"text-align: justify;\">L\u2019UR sugg\u00e8re \u00e9galement la d\u00e9signation d\u2019un m\u00e9diateur international, tel que le pr\u00e9voit l\u2019Accord-cadre, dans l\u2019objectif de conduire la classe politique au dialogue. Quant au Conseil de s\u00e9curit\u00e9 des Nations-Unies, il est appel\u00e9 \u00e0 revoir la mission de la Monusco pendant cette p\u00e9riode en R\u00e9publique d\u00e9mocratique du Congo caract\u00e9ris\u00e9e par un \u00ab\u00a0vide juridique\u00a0\u00bb o\u00f9 les institutions deviennent \u00ab\u00a0ill\u00e9gitimes\u00a0\u00bb et \u00ab\u00a0sans mandat\u00a0\u00bb, peut-on lire dans ce m\u00e9mo.<\/p>\n<p style=\"text-align: justify;\">Cette formation politique demande \u00e0 la communaut\u00e9 internationale de faire pression sur Joseph Kabila pour lib\u00e9rer tous les prisonniers politiques, dont Norbert Luyeye, avec lui quatre membres de son parti.<\/p>\n<p style=\"text-align: justify;\">\u00ab\u00a0Si les Etats-Unis veulent aider le peuple congolais, ils doivent peser de tout leur poids pour l\u2019application stricte de l\u2019Accord-cadre d\u2019Addis-Abeba sign\u00e9 le 24 f\u00e9vrier 2013, ainsi que les quatre r\u00e9solutions du Conseil de S\u00e9curit\u00e9 des Nations-Unies qui accompagnent cet Accord\u00a0\u00bb, insiste le parti cher \u00e0 Norbert Luyeye qui estime que c\u2019est \u00ab\u00a0la seule voie pacifique pour r\u00e9soudre cette crise\u00a0\u00bb.<\/p>\n<p style=\"text-align: justify;\">Pour l\u2019UR, le dialogue de la Cenco a servi de b\u00e9quilles \u00e0 Joseph Kabila de prolonger son mandat. C\u2019est ainsi que ce sch\u00e9ma a \u00e9t\u00e9 b\u00e9n\u00e9fique pour le chef de l\u2019Etat et toutes les institutions. \u00ab\u00a0Le plus malheureux dans cet accord, c\u2019est le peuple congolais, massacr\u00e9 lors de diff\u00e9rentes manifestations pacifiques, pour avoir dit non \u00e0 la prolongation du mandat de Joseph Kabila\u00a0\u00bb.<\/p>\n<p style=\"text-align: justify;\"><em><strong>Par LM<\/strong><\/em><\/p>\n","protected":false},"excerpt":{"rendered":"<p>Pour mettre fin \u00e0 la crise politique et s\u00e9curitaire qui ronge la R\u00e9publique d\u00e9mocratique du Congo (RDC), l\u2019Union des R\u00e9publicains (UR) de Norbert Luyeye propose la r\u00e9habilitation de l\u2019Accord-cadre d\u2019Addis-Abeba sign\u00e9 le 24 f\u00e9vrier 2013 et des r\u00e9solutions 2098, 2147, 2211 et 2277 du Conseil de S\u00e9curit\u00e9 de l\u2019ONU. Cette suggestion est contenue dans un [&hellip;]<\/p>\n","protected":false},"author":1,"featured_media":26072,"comment_status":"open","ping_status":"open","sticky":false,"template":"","format":"standard","meta":{"footnotes":""},"categories":[27,134,130,5],"tags":[],"class_list":["post-27006","post","type-post","status-publish","format-standard","has-post-thumbnail","hentry","category-internationale","category-la-tempete-des-tropiques","category-nation","category-politique"],"_links":{"self":[{"href":"http:\/\/www.latempete.info\/index.php?rest_route=\/wp\/v2\/posts\/27006"}],"collection":[{"href":"http:\/\/www.latempete.info\/index.php?rest_route=\/wp\/v2\/posts"}],"about":[{"href":"http:\/\/www.latempete.info\/index.php?rest_route=\/wp\/v2\/types\/post"}],"author":[{"embeddable":true,"href":"http:\/\/www.latempete.info\/index.php?rest_route=\/wp\/v2\/users\/1"}],"replies":[{"embeddable":true,"href":"http:\/\/www.latempete.info\/index.php?rest_route=%2Fwp%2Fv2%2Fcomments&post=27006"}],"version-history":[{"count":1,"href":"http:\/\/www.latempete.info\/index.php?rest_route=\/wp\/v2\/posts\/27006\/revisions"}],"predecessor-version":[{"id":27007,"href":"http:\/\/www.latempete.info\/index.php?rest_route=\/wp\/v2\/posts\/27006\/revisions\/27007"}],"wp:featuredmedia":[{"embeddable":true,"href":"http:\/\/www.latempete.info\/index.php?rest_route=\/wp\/v2\/media\/26072"}],"wp:attachment":[{"href":"http:\/\/www.latempete.info\/index.php?rest_route=%2Fwp%2Fv2%2Fmedia&parent=27006"}],"wp:term":[{"taxonomy":"category","embeddable":true,"href":"http:\/\/www.latempete.info\/index.php?rest_route=%2Fwp%2Fv2%2Fcategories&post=27006"},{"taxonomy":"post_tag","embeddable":true,"href":"http:\/\/www.latempete.info\/index.php?rest_route=%2Fwp%2Fv2%2Ftags&post=27006"}],"curies":[{"name":"wp","href":"https:\/\/api.w.org\/{rel}","templated":true}]}}