{"id":27820,"date":"2018-02-23T11:08:32","date_gmt":"2018-02-23T11:08:32","guid":{"rendered":"http:\/\/www.latempete.info\/?p=27820"},"modified":"2018-02-23T11:12:27","modified_gmt":"2018-02-23T11:12:27","slug":"echos-artistes-selection-de-franck-ambangito","status":"publish","type":"post","link":"http:\/\/www.latempete.info\/?p=27820","title":{"rendered":"ECHOS DES ARTISTES : Une s\u00e9lection de FRANCK AMBANGITO"},"content":{"rendered":"<p style=\"text-align: justify;\"><strong>Les sapeurs du Kongo-Central chez N\u00e9ron Mbungu<\/strong><\/p>\n<p style=\"text-align: justify;\">Les sapeurs de la province du Kongo-Central, sous la conduite de leur leader \u00a0\u00bb Crocodile \u00ab\u00a0, se sont livr\u00e9s derni\u00e8rement \u00e0 un d\u00e9fil\u00e9 de mode, v\u00e9ritable d\u00e9monstration des griffes, \u00e0 la r\u00e9sidence de l&rsquo;honorable N\u00e9ron Mbungu. Ce, apr\u00e8s leur brillante participation \u00e0 la c\u00e9l\u00e9bration du 24\u00e8me anniversaire de la disparition de leur idole, Adrien N&rsquo;Ganshie Strevos Niarcos \u00e0 Kinshasa.<\/p>\n<p style=\"text-align: justify;\">Le spectacle a eu lieu en pr\u00e9sence des sapeurs de la commune de Kisenso. Ces adeptes de la religion Kitendi ont pris soin de remettre \u00e0 N\u00e9ron Mbungu un cadeau\u00a0 d&rsquo;une ch\u00e8vre. Ce dernier, surnomm\u00e9 \u00a0\u00bb Homme du peuple \u00ab\u00a0, en retour, leur a octroy\u00e9 une enveloppe consistante pour l&rsquo;\u00e9panouissement de leur activit\u00e9 culturelle. Il les a \u00e9galement remerci\u00e9s d&rsquo;avoir repr\u00e9sent\u00e9 valablement la province du Kongo-Central \u00e0 cet \u00e9v\u00e8nement.<\/p>\n<p><strong>Tshala Muana feat Mbilia Bel \u00e0 Kisangani<\/strong><\/p>\n<p style=\"text-align: justify;\">Tshala Muana, la \u00a0\u00bb Reine de Mutuashi \u00ab\u00a0, et Mbilia Bel \u00a0\u00bb la Cl\u00e9op\u00e2tre \u00ab\u00a0, deux divas de la musique congolaise, ont crois\u00e9 leurs talents l\u00e9gendaires \u00e0 travers un duo qui a accouch\u00e9 d&rsquo;un album d\u00e9nomm\u00e9 \u00a0\u00bb Don de Dieu \u00ab\u00a0, actuellement en pleine promotion du clip d&rsquo;une des chansons, intitul\u00e9e \u00a0\u00bb Tourbillon \u00ab\u00a0. Sauf impr\u00e9vu, ces deux artistes vont se produire sur une m\u00eame sc\u00e8ne le 8 mars prochain \u00e0 Kisangani, chef-lieu de la province de la Tshopo, \u00e0 l&rsquo;occasion de la journ\u00e9e internationale de la femme. Les \u00a0\u00bb Boyomais \u00a0\u00bb et \u00a0\u00bb Boyomaises \u00a0\u00bb attendent de pieds fermes cette prestation sc\u00e9nique, \u00e0 en croire les \u00e9chos en provenance de cette partie du pays.<\/p>\n<p><strong>Ferr\u00e9 Gola lance le clip \u00a0\u00bb Ma chemise \u00ab\u00a0<\/strong><\/p>\n<p style=\"text-align: justify;\">Apr\u00e8s avoir prest\u00e9 au Festival Amani (Goma) o\u00f9 il a mis de l&rsquo;ambiance gr\u00e2ce \u00e0 son titre \u00a0\u00bb Poisson d&rsquo;avril \u00a0\u00bb devant une foule immense, l&rsquo;artiste musicien Herv\u00e9 Gola dit Ferr\u00e9 \u00a0\u00bb Le Padre j\u00e9sus des nuances \u00a0\u00bb poursuit \u00e0 Kinshasa la promotion m\u00e9diatique de son dernier tube intitul\u00e9 \u00a0\u00bb Qu&rsquo;est-ce que j&rsquo;avais dit ? \u00ab\u00a0.<\/p>\n<p style=\"text-align: justify;\">Le \u00a0\u00bb g\u00e9nie \u00a0\u00bb de la rumba congolaise vient de lancer le nouveau clip de la chanson intitul\u00e9e \u00a0\u00bb Ma chemise \u00ab\u00a0, d\u00e9j\u00e0 tr\u00e8s appr\u00e9ci\u00e9 par sa qualit\u00e9 professionnelle. Entre-temps, \u00a0\u00bb Shetah \u00a0\u00bb se propose de larguer un tube qui sera chant\u00e9 en trois langues \u00e9trang\u00e8res, notamment l&rsquo;anglais,\u00a0 l&rsquo;espagnol et l&rsquo;italien. Qui vivra, verra.<\/p>\n<p><strong>\u00ab\u00a0Maman\u00a0\u00bb : Adolphe Dominguez embo\u00eete les pas \u00e0 Gatho Beevans, Desi Mbwese et Papa Wemba \u2026<\/strong><\/p>\n<p style=\"text-align: justify;\">Apr\u00e8s Gatho Beevans, le chancelier Desy Mbuese de l&rsquo;orchestre Plan\u00e8te El\u00e9gance et Papa Wemba, l&rsquo;artiste musicien Adolphe Dominguez d\u00e9die une m\u00e9lop\u00e9e \u00e0 la femme congolaise, d\u00e9nomm\u00e9e \u00a0\u00bb Maman \u00ab\u00a0. La presse l&rsquo;a apprise lorsqu&rsquo;il a d\u00e9voil\u00e9 le contenu des deux volumes de son nouvel album intitul\u00e9 \u00a0\u00bb Amiti\u00e9 sinc\u00e8re\u00a0\u00bb, pr\u00e9sent\u00e9 dans une ambiance de f\u00eate au d\u00e9jeuner de presse tenu le 14 f\u00e9vrier dernier \u00e0 l&rsquo;espace Flore, dans la commune de la Gombe. Adolphe Dominguez Tata Mobitsh fixe rendez-vous \u00e0 tous les fanatiques du groupe Wenge Tonya Tonya le 8 mars prochain \u00e0 l&rsquo;espace Vibration \u00e0 Binza-Delvaux.<\/p>\n<p><strong>Tony de Los Nickelos meurt \u00e0 74 ans, Aim\u00e9 Mulenda revisite son r\u00e9pertoire \u00a0\u00bb Eminence \u00a0\u00bb et \u00a0\u00bb Doloress \u00ab\u00a0<\/strong><\/p>\n<p style=\"text-align: justify;\">Tony Bokito, dernier monument co-fondateur du m\u00e9morable groupe \u00a0\u00bb Los Nickelos \u00ab\u00a0, compos\u00e9 des anciens \u00e9tudiants\u00a0\u00a0 \u00a0\u00bb Belgicains \u00ab\u00a0, s&rsquo;en est all\u00e9 \u00e0 l&rsquo;\u00e2ge de 74 ans. L&rsquo;artiste reste grav\u00e9 \u00e0 jamais dans nos m\u00e9moires \u00e0 travers ses \u0153uvres\u00a0 telles les chansons \u00a0\u00bb Eminence \u00a0\u00bb et \u00a0\u00bb Doloress \u00ab\u00a0\u2026 que le chanteur Aim\u00e9 Mulenda \u00a0\u00bb Mwami \u00a0\u00bb du groupe Bana OK vient de revisiter dans son tube \u00a0\u00bb C&rsquo;est mon tour \u00a0\u00bb qui sera bient\u00f4t largu\u00e9 sur le march\u00e9 du disque. Aim\u00e9 Mulenda pr\u00e9voit un concert sp\u00e9cial \u00a0\u00bb Hommage \u00e0 Tony \u00a0\u00bb chez Ya Annie \u00e0 Gombe.<\/p>\n<p><strong>Fally Ipupa: \u00a0\u00bb Cible \u00ab\u00a0, l&rsquo;assaut final 2019<\/strong><\/p>\n<p style=\"text-align: justify;\">Pendant que \u00a0\u00bb Tokoos \u00a0\u00bb continue \u00e0 bien se comporter dans les diff\u00e9rents hits nationaux et internationaux, l&rsquo;artiste musicien Fally Ipupa annonce son assaut final en d\u00e9but 2019 avec la sortie mondiale de son tube intitul\u00e9 \u00a0\u00bb Cible \u00ab\u00a0, un opus tr\u00e8s attendu par ses fans. Pour rappel, l&rsquo;artiste chanteur accompagn\u00e9 de son groupe venait de livrer plusieurs concerts notamment en Angola (au cours duquel il a pr\u00e9sent\u00e9 au public son \u00e9pouse Nana Ketchup), \u00e0 Duba\u00ef et au Gabon (deux productions d&rsquo;affil\u00e9e).<\/p>\n<p><strong>Robinho Mundibu se concentre sur \u00a0\u00bb Noir et Blanc \u00ab\u00a0<\/strong><\/p>\n<p style=\"text-align: justify;\">Robinho Mundibu, g\u00e9niteur du cri \u00a0\u00bb Tia nanu boye \u00ab\u00a0, revient au galop dans un double g\u00e9n\u00e9rique sensationnel \u00a0\u00bb Tika ko \u00a0\u00bb et \u00a0\u00bb Jouer le ballon \u00ab\u00a0, un avant-go\u00fbt de la sortie prochaine de son album d\u00e9nomm\u00e9 \u00a0\u00bb Noir et Blanc \u00a0\u00bb qui connaitra la participation en feat de deux artistes surprises. Robinho Mundibu venait de s\u00e9journer \u00e0 Nairobi au Kenya pour la signature de certains contrats de production.<\/p>\n<p><strong>Gaz Mawete en 1\u00e8re s\u00e9ance de r\u00e9p\u00e9tition chez NSK BAR\/Huileries<\/strong><\/p>\n<p style=\"text-align: justify;\">Le jeune chanteur Gaz Mawete vient de s&rsquo;installer d\u00e9sormais\u00a0 chez NSK Bar (si\u00e8ge habituel du groupe tradi moderne Bayuda du Congo de l&#8217;empereur Lelimba Wa Kuthsila) localis\u00e9 au rond-point Huileries. Sa premi\u00e8re s\u00e9ance de r\u00e9p\u00e9tition a eu lieu jeudi 22 f\u00e9vrier dernier.<\/p>\n<p style=\"text-align: justify;\">Laur\u00e9at du concours Vodacom Super star Best of the best, Gaz Mawete pr\u00e9pare un nouvel opus sous le label \u00a0\u00bb Bomay\u00e9 \u00ab\u00a0. Plein de sensibilit\u00e9 dans son timbre vocal, l&rsquo;artiste en herbe\u00a0 entrevoit une longue et fructueuse carri\u00e8re professionnelle.<\/p>\n<p><strong>JB Mpiana honore la femme chez S\u00e9bastien Bibwa<\/strong><\/p>\n<p style=\"text-align: justify;\">J.B Mpiana \u00a0\u00bb Bin adam Salvatore de la Patria Moto pamba \u00a0\u00bb et son WBCBG vont honorer la femme le 17 mars 2018 \u00e0 l&rsquo;espace S\u00e9bastien Bibwa, sanctuaire habituel du groupe \u00a0\u00bb Bana OK \u00a0\u00bb qui est en pleins pr\u00e9paratifs de la comm\u00e9moration du 80\u00e8me anniversaire de naissance du po\u00e8te Simaro Lutumba.\u00a0 L&rsquo;orchestre WBCBG s&rsquo;appr\u00eate aussi \u00e0 larguer l&rsquo;album personnel de son leader charismatique, intitul\u00e9 \u00a0\u00bb Chemin de fer \u00a0\u00bb qui comprendra plus de dix chansons.<\/p>\n<p><em><strong>Une s\u00e9lection de FRANCK AMBANGITO<\/strong><\/em><\/p>\n","protected":false},"excerpt":{"rendered":"<p>Les sapeurs du Kongo-Central chez N\u00e9ron Mbungu Les sapeurs de la province du Kongo-Central, sous la conduite de leur leader \u00a0\u00bb Crocodile \u00ab\u00a0, se sont livr\u00e9s derni\u00e8rement \u00e0 un d\u00e9fil\u00e9 de mode, v\u00e9ritable d\u00e9monstration des griffes, \u00e0 la r\u00e9sidence de l&rsquo;honorable N\u00e9ron Mbungu. Ce, apr\u00e8s leur brillante participation \u00e0 la c\u00e9l\u00e9bration du 24\u00e8me anniversaire de [&hellip;]<\/p>\n","protected":false},"author":1,"featured_media":27825,"comment_status":"open","ping_status":"open","sticky":false,"template":"","format":"standard","meta":{"footnotes":""},"categories":[8,134,29],"tags":[],"class_list":["post-27820","post","type-post","status-publish","format-standard","has-post-thumbnail","hentry","category-culture-media","category-la-tempete-des-tropiques","category-musique"],"_links":{"self":[{"href":"http:\/\/www.latempete.info\/index.php?rest_route=\/wp\/v2\/posts\/27820"}],"collection":[{"href":"http:\/\/www.latempete.info\/index.php?rest_route=\/wp\/v2\/posts"}],"about":[{"href":"http:\/\/www.latempete.info\/index.php?rest_route=\/wp\/v2\/types\/post"}],"author":[{"embeddable":true,"href":"http:\/\/www.latempete.info\/index.php?rest_route=\/wp\/v2\/users\/1"}],"replies":[{"embeddable":true,"href":"http:\/\/www.latempete.info\/index.php?rest_route=%2Fwp%2Fv2%2Fcomments&post=27820"}],"version-history":[{"count":2,"href":"http:\/\/www.latempete.info\/index.php?rest_route=\/wp\/v2\/posts\/27820\/revisions"}],"predecessor-version":[{"id":27826,"href":"http:\/\/www.latempete.info\/index.php?rest_route=\/wp\/v2\/posts\/27820\/revisions\/27826"}],"wp:featuredmedia":[{"embeddable":true,"href":"http:\/\/www.latempete.info\/index.php?rest_route=\/wp\/v2\/media\/27825"}],"wp:attachment":[{"href":"http:\/\/www.latempete.info\/index.php?rest_route=%2Fwp%2Fv2%2Fmedia&parent=27820"}],"wp:term":[{"taxonomy":"category","embeddable":true,"href":"http:\/\/www.latempete.info\/index.php?rest_route=%2Fwp%2Fv2%2Fcategories&post=27820"},{"taxonomy":"post_tag","embeddable":true,"href":"http:\/\/www.latempete.info\/index.php?rest_route=%2Fwp%2Fv2%2Ftags&post=27820"}],"curies":[{"name":"wp","href":"https:\/\/api.w.org\/{rel}","templated":true}]}}