{"id":35492,"date":"2019-04-10T09:07:35","date_gmt":"2019-04-10T09:07:35","guid":{"rendered":"http:\/\/www.latempete.info\/?p=35492"},"modified":"2019-04-10T09:08:51","modified_gmt":"2019-04-10T09:08:51","slug":"35492-2","status":"publish","type":"post","link":"http:\/\/www.latempete.info\/?p=35492","title":{"rendered":"Les Kinois veulent voir  leurs d\u00e9put\u00e9s tourner d\u00e9finitivement la page \u00ab Kimbuta \u00bb"},"content":{"rendered":"<p style=\"text-align: justify;\">Ce matin l\u2019\u00e9motion reste vive\u00a0 au sein de\u00a0 toutes les populations du pays qui attendent l\u2019\u00e9lection des gouverneurs et vice-gouverneurs de provinces, sauf changement de derni\u00e8re minute\u00a0! Il s\u2019agit l\u00e0 d\u2019une \u00e9tape importante du processus \u00e9lectoral commenc\u00e9 le 30 d\u00e9cembre 2018 avec \u00e0 la cl\u00e9, l\u2019\u00e9lection jumel\u00e9 du pr\u00e9sident de la R\u00e9publique et des d\u00e9put\u00e9s nationaux qui si\u00e8gent d\u00e9j\u00e0 \u00e0 l\u2019h\u00e9micycle de l\u2019Assembl\u00e9e nationale\u00a0!<\/p>\n<p style=\"text-align: justify;\">Mais pourquoi l\u2019\u00e9motion reste-t-elle si vive au sein de toutes les populations du pays en ce moment\u00a0? la r\u00e9ponse \u00e0 cette interrogation est bien simple\u00a0: les provinces apparaissent aux yeux des populations de la r\u00e9publique d\u00e9mocratique du congo comme des parentes pauvres abandonn\u00e9es \u00e0 leur triste sort par qui les avaient gouvern\u00e9es hier en faisant de leur d\u00e9veloppement le cadet de leurs soucis\u00a0!<\/p>\n<p style=\"text-align: justify;\"><strong>Tourner la page Kimbuta<\/strong><\/p>\n<p style=\"text-align: justify;\">Maintenant que l\u2019occasion est offerte \u00e0 ces populations de changer cet \u00e9tat de chose par une \u00e9lection voulue punitive, qui portera \u00e0 la t\u00eate de chaque province les meilleurs de ses fils et de ses filles, selon le cas, l\u2019heure est \u00e0 la gravit\u00e9 dans la province du Haut-Katanga, les populations veulent se d\u00e9barrasser des bois morts, affirme-t-on, tandis que dans celle du Sud-Kivu , les populations r\u00e9clament un gouverneur et un vice-gouverneur\u00a0 novateurs et entreprenants, capables de r\u00e9concilier les populations avec elles-m\u00eames et mener un dialogue constructif avec les dirigeants des pays alentours\u00a0 sous la f\u00e9rule de Kinshasa\u00a0!<\/p>\n<p style=\"text-align: justify;\">Dans la capitale du pays o\u00f9 l\u2019\u00e9veil des consciences n\u2019est plus \u00e0 d\u00e9montrer depuis de longues, \u00e0 cause de la l\u00e9thargie qui est \u00e0 son paroxysme, les populations burlent d\u2019impatience de voir leurs d\u00e9put\u00e9s tourner d\u00e9finitivement la page \u00ab\u00a0Kimbuta\u00a0\u00bb en barrant la route \u00e0 ses dauphins et en faisant de Kinshasa une capitale africaine qui attire plus qu\u2019elle ne repousse\u00a0!<\/p>\n<p style=\"text-align: justify;\">C\u2019est aujourd\u2019hui mercredi 10 avril 2019, sauf impr\u00e9vu, que sonnera le glas de l\u2019immobilisme des provinces , donc de la RDC \u00e0 travers une \u00e9lection sans faute et pr\u00e9lude \u00e0 un avenir qui chante\u00a0!<\/p>\n<p style=\"text-align: justify;\"><em><strong>Par Bamporiki Chamira<\/strong><\/em><\/p>\n","protected":false},"excerpt":{"rendered":"<p>Ce matin l\u2019\u00e9motion reste vive\u00a0 au sein de\u00a0 toutes les populations du pays qui attendent l\u2019\u00e9lection des gouverneurs et vice-gouverneurs de provinces, sauf changement de derni\u00e8re minute\u00a0! Il s\u2019agit l\u00e0 d\u2019une \u00e9tape importante du processus \u00e9lectoral commenc\u00e9 le 30 d\u00e9cembre 2018 avec \u00e0 la cl\u00e9, l\u2019\u00e9lection jumel\u00e9 du pr\u00e9sident de la R\u00e9publique et des d\u00e9put\u00e9s [&hellip;]<\/p>\n","protected":false},"author":1,"featured_media":35493,"comment_status":"open","ping_status":"open","sticky":false,"template":"","format":"standard","meta":{"footnotes":""},"categories":[136,134,130,5,25],"tags":[],"class_list":["post-35492","post","type-post","status-publish","format-standard","has-post-thumbnail","hentry","category-a-la-une","category-la-tempete-des-tropiques","category-nation","category-politique","category-province"],"_links":{"self":[{"href":"http:\/\/www.latempete.info\/index.php?rest_route=\/wp\/v2\/posts\/35492"}],"collection":[{"href":"http:\/\/www.latempete.info\/index.php?rest_route=\/wp\/v2\/posts"}],"about":[{"href":"http:\/\/www.latempete.info\/index.php?rest_route=\/wp\/v2\/types\/post"}],"author":[{"embeddable":true,"href":"http:\/\/www.latempete.info\/index.php?rest_route=\/wp\/v2\/users\/1"}],"replies":[{"embeddable":true,"href":"http:\/\/www.latempete.info\/index.php?rest_route=%2Fwp%2Fv2%2Fcomments&post=35492"}],"version-history":[{"count":2,"href":"http:\/\/www.latempete.info\/index.php?rest_route=\/wp\/v2\/posts\/35492\/revisions"}],"predecessor-version":[{"id":35495,"href":"http:\/\/www.latempete.info\/index.php?rest_route=\/wp\/v2\/posts\/35492\/revisions\/35495"}],"wp:featuredmedia":[{"embeddable":true,"href":"http:\/\/www.latempete.info\/index.php?rest_route=\/wp\/v2\/media\/35493"}],"wp:attachment":[{"href":"http:\/\/www.latempete.info\/index.php?rest_route=%2Fwp%2Fv2%2Fmedia&parent=35492"}],"wp:term":[{"taxonomy":"category","embeddable":true,"href":"http:\/\/www.latempete.info\/index.php?rest_route=%2Fwp%2Fv2%2Fcategories&post=35492"},{"taxonomy":"post_tag","embeddable":true,"href":"http:\/\/www.latempete.info\/index.php?rest_route=%2Fwp%2Fv2%2Ftags&post=35492"}],"curies":[{"name":"wp","href":"https:\/\/api.w.org\/{rel}","templated":true}]}}