{"id":35500,"date":"2019-04-10T09:43:14","date_gmt":"2019-04-10T09:43:14","guid":{"rendered":"http:\/\/www.latempete.info\/?p=35500"},"modified":"2019-04-10T09:43:14","modified_gmt":"2019-04-10T09:43:14","slug":"35500-2","status":"publish","type":"post","link":"http:\/\/www.latempete.info\/?p=35500","title":{"rendered":"Mausol\u00e9e d\u2019\u00c9tienne Tshisekedi : les travaux d\u2019am\u00e9nagement avancent \u00e0 N\u2019Sele"},"content":{"rendered":"<p style=\"text-align: justify;\">Le pr\u00e9sident de la R\u00e9publique D\u00e9mocratique du Congo, F\u00e9lix\u00a0 Antoine Tshisekedi Tshilombo, a effectu\u00e9 une descente, le lundi 08 avril dernier dans la commune de la N\u2019Sele, pour se rendre personnellement compte de l\u2019avancement des travaux d\u2019am\u00e9nagement du caveau fun\u00e9raire devant accueillir la d\u00e9pouille du Lider maximo, \u00c9tienne Tshisekedi wa Mulumba, opposant historique. Travaux qui se d\u00e9roulent sur un site familial de la N\u2019sele, dans la banlieue de Kinshasa.<\/p>\n<p style=\"text-align: justify;\">D\u00e8s sa descente d\u2019avion en provenance des \u00c9tats-Unis, le num\u00e9ro un congolais s\u2019est\u00a0 rendu directement sur ce lieu, accompagn\u00e9 notamment de son\u00a0 directeur de cabinet, Vital Kamerhe.\u00a0 Le corps d\u2019\u00c9tienne Tshisekedi d\u2019heureuse m\u00e9moire est gard\u00e9 dans un fun\u00e9rarium \u00e0 Bruxelles, en Belgique, depuis son d\u00e9c\u00e8s le 1er\u00a0 f\u00e9vrier 2017, suite \u00e0 une embolie pulmonaire. La d\u00e9pouille de ce grand combattant de la libert\u00e9 et de la d\u00e9mocratie se trouve toujours gard\u00e9 en Belgique, en attendant qu\u2019un calendrier soit harmonis\u00e9 entre le gouvernement et la famille de l\u2019illustre disparu pour son rapatriement.<\/p>\n<p style=\"text-align: justify;\">Durant sa vie politique, \u00c9tienne Tshisekedi a \u00e0 combattre la dictature et \u00e0 \u0153uvrer pour l\u2019instauration de la d\u00e9mocratie en RD Congo. Combat qui a fait de lui le leader incontest\u00e9 de\u00a0 l\u2019opposition congolaise jusqu\u2019\u00e0 sa mort. D\u00e9c\u00e9d\u00e9 \u00e0 l\u2019\u00e2ge de 84 ans, \u00c9tienne Tshisekedi s\u2019est entre autres illustr\u00e9 par son opposition\u00a0 au dictateur Mobutu Sese seko entre les ann\u00e9es 1980 et 1990.\u00a0 Apr\u00e8s la chute du mar\u00e9chal Mobutu, \u00c9tienne Tshisekedi a poursuivi sa lutte non arm\u00e9e contre le r\u00e9gime de Laurent-D\u00e9sir\u00e9 Kabila, qui avait\u00a0 renvers\u00e9 le Mar\u00e9chal en 1997, puis contre celui de son fils Joseph Kabila.<\/p>\n<p style=\"text-align: justify;\"><em><strong>Par Julie Muadi<\/strong><\/em><\/p>\n","protected":false},"excerpt":{"rendered":"<p>Le pr\u00e9sident de la R\u00e9publique D\u00e9mocratique du Congo, F\u00e9lix\u00a0 Antoine Tshisekedi Tshilombo, a effectu\u00e9 une descente, le lundi 08 avril dernier dans la commune de la N\u2019Sele, pour se rendre personnellement compte de l\u2019avancement des travaux d\u2019am\u00e9nagement du caveau fun\u00e9raire devant accueillir la d\u00e9pouille du Lider maximo, \u00c9tienne Tshisekedi wa Mulumba, opposant historique. Travaux qui [&hellip;]<\/p>\n","protected":false},"author":1,"featured_media":35501,"comment_status":"open","ping_status":"open","sticky":false,"template":"","format":"standard","meta":{"footnotes":""},"categories":[136,134,130,5,25],"tags":[],"class_list":["post-35500","post","type-post","status-publish","format-standard","has-post-thumbnail","hentry","category-a-la-une","category-la-tempete-des-tropiques","category-nation","category-politique","category-province"],"_links":{"self":[{"href":"http:\/\/www.latempete.info\/index.php?rest_route=\/wp\/v2\/posts\/35500"}],"collection":[{"href":"http:\/\/www.latempete.info\/index.php?rest_route=\/wp\/v2\/posts"}],"about":[{"href":"http:\/\/www.latempete.info\/index.php?rest_route=\/wp\/v2\/types\/post"}],"author":[{"embeddable":true,"href":"http:\/\/www.latempete.info\/index.php?rest_route=\/wp\/v2\/users\/1"}],"replies":[{"embeddable":true,"href":"http:\/\/www.latempete.info\/index.php?rest_route=%2Fwp%2Fv2%2Fcomments&post=35500"}],"version-history":[{"count":1,"href":"http:\/\/www.latempete.info\/index.php?rest_route=\/wp\/v2\/posts\/35500\/revisions"}],"predecessor-version":[{"id":35502,"href":"http:\/\/www.latempete.info\/index.php?rest_route=\/wp\/v2\/posts\/35500\/revisions\/35502"}],"wp:featuredmedia":[{"embeddable":true,"href":"http:\/\/www.latempete.info\/index.php?rest_route=\/wp\/v2\/media\/35501"}],"wp:attachment":[{"href":"http:\/\/www.latempete.info\/index.php?rest_route=%2Fwp%2Fv2%2Fmedia&parent=35500"}],"wp:term":[{"taxonomy":"category","embeddable":true,"href":"http:\/\/www.latempete.info\/index.php?rest_route=%2Fwp%2Fv2%2Fcategories&post=35500"},{"taxonomy":"post_tag","embeddable":true,"href":"http:\/\/www.latempete.info\/index.php?rest_route=%2Fwp%2Fv2%2Ftags&post=35500"}],"curies":[{"name":"wp","href":"https:\/\/api.w.org\/{rel}","templated":true}]}}