{"id":42859,"date":"2020-03-18T08:38:34","date_gmt":"2020-03-18T08:38:34","guid":{"rendered":"http:\/\/www.latempete.info\/?p=42859"},"modified":"2020-03-18T08:38:34","modified_gmt":"2020-03-18T08:38:34","slug":"42859-2","status":"publish","type":"post","link":"http:\/\/www.latempete.info\/?p=42859","title":{"rendered":"Coronavirus : le Chan, l\u2019Euro et la Copa America report\u00e9s"},"content":{"rendered":"<p style=\"text-align: center;\"><em><strong>Entretemps, l\u2019instance europ\u00e9enne qui a maintenu la suspension de sa Ligue des champions et de l\u2019Europa League, tient \u00e0 ce que les championnats nationaux arrivent \u00e0 leur terme<\/strong><\/em><br \/>\n<em><strong>Par Armando Mananasi<\/strong><\/em><\/p>\n<p>Trois conf\u00e9d\u00e9rations internationales de football ont d\u00e9cid\u00e9 de reporter, hier mardi 17 mars 2020, leurs comp\u00e9titions pr\u00e9vues pour cette ann\u00e9e \u00e0 cause de la pand\u00e9mie de Covid-19. Ainsi, la Conf\u00e9d\u00e9ration Africaine de Football (CAF), a pris la d\u00e9cision de reporter \u00e0 une date ult\u00e9rieure le Championnat d\u2019Afrique des Nations (Chan) initialement pr\u00e9vu du 04 au 25 avril de cette ann\u00e9e au Cameroun pour pr\u00e9server la sant\u00e9 des Africains. Cette d\u00e9cision prise de commun accord avec le pays h\u00f4te de cette comp\u00e9tition, est intervenue apr\u00e8s une inspection sur les terres de Samuel Eto\u2019o, des experts de la Caf.<\/p>\n<p>Commentant la d\u00e9cision prise par son instance, Ahmad Ahmad, Pr\u00e9sident de la CAF, l\u2019a salu\u00e9 tout en exprimant son satisfecit car il a estim\u00e9 que la sant\u00e9 des populations doit primer sur la passion. \u00ab\u00a0La r\u00e9duction des risques est le meilleur moyen de lutter contre la Covid-19. L\u2019annulation du CHAN 2020 \u00e9tait la solution la plus responsable et la plus sage pour pr\u00e9server la sant\u00e9 des athl\u00e8tes comme des Africains dans leur ensemble. Le football doit rester une passion\u00a0\u00bb, a \u00e9crit Ahmad Ahmad, sur son compte twitter officiel.<\/p>\n<p><strong>De l\u2019Euro 2020 \u00e0 l\u2019Euro 2021<\/strong><\/p>\n<p>R\u00e9unis par visioconf\u00e9rence hier mardi 17 mars 2020, les dirigeants de l\u2019Union des associations europ\u00e9ennes de football, mieux connue par son sigle anglophone, UEFA, ont d\u00e9cid\u00e9 du report du Championnat d\u2019Europe des nations d\u2019une ann\u00e9e en raison de la pand\u00e9mie de coronavirus qui s\u00e9vit actuellement.<br \/>\nVoil\u00e0 pourquoi la plus prestigieuse des comp\u00e9titions europ\u00e9ennes pr\u00e9vue initialement entre le 12 juin et le 12 juillet de cette ann\u00e9e dans douze pays, aura finalement lieu\u00a0 l\u2019\u00e9t\u00e9 2021.<\/p>\n<p><strong>Des groupes de travail vont \u00eatre form\u00e9s<\/strong><\/p>\n<p>Selon le quotidien L\u2019Equipe, des groupes de travail vont \u00eatre form\u00e9s pour traiter des questions \u00e9conomiques.<br \/>\nLa situation \u00e9tait d\u2019autant plus compliqu\u00e9e que l\u2019Euro, pour la premi\u00e8re fois, devait \u00eatre organis\u00e9 cet \u00e9t\u00e9 dans 12 pays (12\u00a0juin-12\u00a0juillet), avec un match d\u2019ouverture pr\u00e9vu \u00e0 Rome, en Italie, l\u2019un des pays les plus touch\u00e9s par la pand\u00e9mie.<\/p>\n<p>Avec cette proposition de report, l\u2019UEFA \u00e9carte l\u2019option d\u2019un Euro \u00e0 huis clos ou bien d\u2019une annulation, qui aurait priv\u00e9 la conf\u00e9d\u00e9ration europ\u00e9enne d\u2019une importante manne de droits t\u00e9l\u00e9vis\u00e9s.<br \/>\nEn 2016, l\u2019Euro avait g\u00e9n\u00e9r\u00e9 plus d\u2019un milliard d\u2019euros de droits TV, selon la conf\u00e9d\u00e9ration europ\u00e9enne, et un chiffre d\u2019affaires total de 1,92\u00a0milliard d\u2019euros.<\/p>\n<p><strong>La CONMEBOL embo\u00eete le pas<\/strong><\/p>\n<p>Comme la CAF avec son CHAN et l\u2019UEFA avec son Euro, la Conf\u00e9d\u00e9ration sud-am\u00e9ricaine de football, plus connue sous l\u2019acronyme CONMEBOL a d\u00e9cid\u00e9, \u00e0 son tour, de reporter d\u2019une ann\u00e9e la Copa America qui devrait se jouer initialement cette ann\u00e9e au pays de Diego Maradona.\u00a0 En vue de limiter les risques de propagation de la pand\u00e9mie de coronavirus, Alejandro Dominguez, pr\u00e9sident de la Conmebol, a annonc\u00e9 le report la comp\u00e9tition continentale am\u00e9ricaine d\u2019une ann\u00e9e, c\u2019est-\u00e0-dire du 11 juin-11 juillet 2020 \u00e0 11 juin-11 juillet 2021, toujours en Argentine.<\/p>\n<p>Saluant l\u2019initiative, Aleksander Ceferin, pr\u00e9sident de l\u2019UEFA, a remerci\u00e9 la CONMEBOL d\u2019avoir bien voulu suivre les recommandations et d\u2019avoir d\u00e9plac\u00e9 la comp\u00e9tition. Car, \u00e0 en croire la d\u00e9marche du pr\u00e9sident de l\u2019Uefa, de nombreux matches des championnats nationaux, voire des coupes d\u2019Europe, devraient avoir lieu en juin. Ce qui, comme il fallait s\u2019y attendre, aurait largement influenc\u00e9 la qualit\u00e9 de ses comp\u00e9titions si la d\u00e9cision du report de la Copa par l\u2019instance si\u00e9geant \u00e0 Luque, au Paraguay, n\u2019avait pas lev\u00e9 la mesure de son report.<\/p>\n<p><strong>Les championnats europ\u00e9ens finiront plus tard que pr\u00e9vu<\/strong><\/p>\n<p>La d\u00e9cision, permettant \u00e0 la Ligue des champions, \u00e0 la Ligue Europa et aux championnats nationaux d\u2019arriver \u00e0 leur terme, a \u00e9t\u00e9 approuv\u00e9e \u00e0 l\u2019unanimit\u00e9. Cette proposition pr\u00e9sent\u00e9e hier mardi matin lors d\u2019une r\u00e9union avec les clubs et les ligues professionnelles doit encore \u00eatre formellement adopt\u00e9e par le comit\u00e9 ex\u00e9cutif de l\u2019instance europ\u00e9enne, r\u00e9uni dans l\u2019apr\u00e8s-midi.<\/p>\n<p>A en croire, Aleksander Ceferin, le patron de l\u2019UEFA, un retour \u00e0 la comp\u00e9tition sera envisag\u00e9 si toutefois la situation revenait \u00e0 la normale.<\/p>\n","protected":false},"excerpt":{"rendered":"<p>Entretemps, l\u2019instance europ\u00e9enne qui a maintenu la suspension de sa Ligue des champions et de l\u2019Europa League, tient \u00e0 ce que les championnats nationaux arrivent \u00e0 leur terme Par Armando Mananasi Trois conf\u00e9d\u00e9rations internationales de football ont d\u00e9cid\u00e9 de reporter, hier mardi 17 mars 2020, leurs comp\u00e9titions pr\u00e9vues pour cette ann\u00e9e \u00e0 cause de la [&hellip;]<\/p>\n","protected":false},"author":1,"featured_media":42860,"comment_status":"open","ping_status":"open","sticky":false,"template":"","format":"standard","meta":{"footnotes":""},"categories":[136,43,134,6],"tags":[],"class_list":["post-42859","post","type-post","status-publish","format-standard","has-post-thumbnail","hentry","category-a-la-une","category-foot","category-la-tempete-des-tropiques","category-sport"],"_links":{"self":[{"href":"http:\/\/www.latempete.info\/index.php?rest_route=\/wp\/v2\/posts\/42859"}],"collection":[{"href":"http:\/\/www.latempete.info\/index.php?rest_route=\/wp\/v2\/posts"}],"about":[{"href":"http:\/\/www.latempete.info\/index.php?rest_route=\/wp\/v2\/types\/post"}],"author":[{"embeddable":true,"href":"http:\/\/www.latempete.info\/index.php?rest_route=\/wp\/v2\/users\/1"}],"replies":[{"embeddable":true,"href":"http:\/\/www.latempete.info\/index.php?rest_route=%2Fwp%2Fv2%2Fcomments&post=42859"}],"version-history":[{"count":1,"href":"http:\/\/www.latempete.info\/index.php?rest_route=\/wp\/v2\/posts\/42859\/revisions"}],"predecessor-version":[{"id":42861,"href":"http:\/\/www.latempete.info\/index.php?rest_route=\/wp\/v2\/posts\/42859\/revisions\/42861"}],"wp:featuredmedia":[{"embeddable":true,"href":"http:\/\/www.latempete.info\/index.php?rest_route=\/wp\/v2\/media\/42860"}],"wp:attachment":[{"href":"http:\/\/www.latempete.info\/index.php?rest_route=%2Fwp%2Fv2%2Fmedia&parent=42859"}],"wp:term":[{"taxonomy":"category","embeddable":true,"href":"http:\/\/www.latempete.info\/index.php?rest_route=%2Fwp%2Fv2%2Fcategories&post=42859"},{"taxonomy":"post_tag","embeddable":true,"href":"http:\/\/www.latempete.info\/index.php?rest_route=%2Fwp%2Fv2%2Ftags&post=42859"}],"curies":[{"name":"wp","href":"https:\/\/api.w.org\/{rel}","templated":true}]}}