{"id":46005,"date":"2021-05-05T07:53:47","date_gmt":"2021-05-05T07:53:47","guid":{"rendered":"http:\/\/www.latempete.info\/?p=46005"},"modified":"2021-05-05T07:57:46","modified_gmt":"2021-05-05T07:57:46","slug":"etat-de-siege-au-nord-kivu-et-en-ituri-fardc-et-police-affichent-leur-determination","status":"publish","type":"post","link":"http:\/\/www.latempete.info\/?p=46005","title":{"rendered":"\u00c9tat de si\u00e8ge au Nord-Kivu et en Ituri: Fardc et Police affichent leur d\u00e9termination"},"content":{"rendered":"\n<p class=\"has-text-align-center\"><strong>Selon Patrick Muyaya, porte-parole du Gouvernement, m\u00eame s\u2019il faut y consacrer la moiti\u00e9 du budget de l\u2019Etat, la RDC le fera. Pendant ce temps, L\u2019Arm\u00e9e et la Police nationale promettent de mettre en d\u00e9route l\u2019ennemi<br>Par Lucien Kazadi T.<\/strong><\/p>\n\n\n\n<p>Le Chef de l\u2019Etat a proc\u00e9d\u00e9, hier mardi, \u00e0 la nomination des gouverneurs militaires dans les provinces d\u00e9sormais plac\u00e9es en \u00e9tat de si\u00e8ge, sur proposition des ministres en charge de l\u2019Int\u00e9rieur et de la d\u00e9fense ainsi que du Conseil sup\u00e9rieur de la d\u00e9fense. Sont nomm\u00e9s respectivement comme Gouverneur et Vice-gouverneur de la province d\u2019Ituri&nbsp;: Ntima Constant (un militaire) et Ekuka Lupopo (un policier). Pour la province du Nord-Kivu, est nomm\u00e9 Gouverneur Luboya Nkashasa (un militaire) et comme Vice-gouverneur Alonga Benjamin (un policier).<\/p>\n\n\n\n<p>Avant ces nominations, un point de presse conjoint, anim\u00e9 par les porte-paroles du Gouvernement, des Fardc (Forces arm\u00e9es de la R\u00e9publique d\u00e9mocratique du Congo), et de la PNC (Police Nationale Congolaise), a \u00e9t\u00e9 organis\u00e9 le m\u00eame mardi 04 mai 2021 \u00e0 Kinshasa.<br>Patrick Muyaya, le g\u00e9n\u00e9ral L\u00e9on-Richard Kasonga et Pierrot Mwanamputu, respectivement porte-parole du Gouvernement, des FARDC, et de la Police Nationale, se sont montr\u00e9s optimistes et ont promis, au cours de cette premi\u00e8re rencontre avec les journalistes, la fin de l\u2019ins\u00e9curit\u00e9 dans la partie Est de la RD Congo \u00e0 l\u2019issue de cette p\u00e9riode d\u2019\u00e9tat de si\u00e8ge. Surtout que cette mesure permet de d\u00e9ployer une administration militaire b\u00e9n\u00e9ficiant des pr\u00e9rogatives exceptionnelles.<\/p>\n\n\n\n<p>Selon le ministre de la Communication et M\u00e9dias, Patrick Muyaya, m\u00eame s\u2019il faut mettre la moiti\u00e9 du budget national pour obtenir la paix dans le pays, le Chef de l\u2019Etat, le Premier ministre et le Gouvernement centrale le feront. Il a aussi r\u00e9affirm\u00e9 que le Gouvernement Sama Lukonde mettra tout en \u0153uvre pour mettre \u00e0 la disposition des Fardc et de la Police Nationale les moyens n\u00e9cessaires, afin de mettre fin \u00e0 l\u2019activisme des groupes arm\u00e9s \u00e0 l\u2019Est du pays. \u00abLe Gouvernement Sama Lukonde persiste et signe que la paix n\u2019a pas de prix\u00bb, a soutenu le ministre Muyaya. Et de pr\u00e9ciser, \u00able Chef de l\u2019Etat a \u00e9galement donn\u00e9 le mandat de perquisition durant la p\u00e9riode de l\u2019\u00e9tat de si\u00e8ge\u00bb.<\/p>\n\n\n\n<p>De son c\u00f4t\u00e9, le G\u00e9n\u00e9ral L\u00e9on-Richard Kasonga, porte-parole de l\u2019Arm\u00e9e, a relev\u00e9 que les forces arm\u00e9es de la R\u00e9publique D\u00e9mocratique du Congo n\u2019ont pas vocation \u00e0 faire des discours. \u00abNous sommes dans l\u2019action. Nous n\u2019allons pas trahir la nation, nous ex\u00e9cuterons la mission qui nous est confi\u00e9e par le Chef supr\u00eame des arm\u00e9es et de la police\u00bb, a martel\u00e9 ce porte-parole des Fardc. Il a, en outre, pr\u00e9cis\u00e9 que les forces arm\u00e9es vont faire leur travail de tous les jours durant cette p\u00e9riode, afin de traquer les forces n\u00e9gatives \u00e0 la base de l\u2019ins\u00e9curit\u00e9 \u00e0 l\u2019Est du pays.<\/p>\n\n\n\n<p>Abondant dans le m\u00eame sens, le porte-parole de la Police, Pierrot Mwanamputu a soutenu que l\u2019Etat de si\u00e8ge n\u2019est pas un ch\u00e8que \u00e0 blanc pouvant servir de pr\u00e9texte pour violer les droits humains. C\u2019est pourquoi il a sollicit\u00e9 l\u2019appui de la population en cette p\u00e9riode d\u00e9cisive. \u00abSi tout marche bien, nous pourrons nous retrouver 30 jours apr\u00e8s pour chanter la victoire\u00bb, a dit ce commissaire principal adjoint de la police.<\/p>\n\n\n\n<p>Il faut rappeler que, c\u2019est depuis le 03 mai dernier que le Chef de l\u2019Etat a d\u00e9cr\u00e9t\u00e9 l\u2019\u00e9tat de si\u00e8ge dans deux provinces de l\u2019Est du pays en proie \u00e0 l\u2019ins\u00e9curit\u00e9. Il s\u2019agit de l\u2019Ituri et du Nord-Kivu. Selon certaines sources, la nomination d\u2019une administration militaire pour ces provinces, comme annonc\u00e9 dans sa derni\u00e8re adresse \u00e0 la nation, peut intervenir aujourd\u2019hui mercredi 05 mai, soit le jeudi 06 mai afin de permettre aux \u00e9l\u00e9ments des Fardc et de la police de traquer les nombreux groupes arm\u00e9s qui s\u00e9vissent depuis plus de 20 ans dans cette partie de la RD Congo.<\/p>\n\n\n\n<p><strong>Ce qu\u2019il faut retenir de l\u2019Ordonnance\u2026<\/strong><\/p>\n\n\n\n<p>Les autorit\u00e9s provinciales disposent de l\u2019administration publique de la province, de la Police nationale congolaise (PNC) et de tous les services nationaux en province. Le cabinet du gouverneur de province est compos\u00e9 de 5\u00a0 collaborateurs nomm\u00e9s et le cas \u00e9ch\u00e9ant, relev\u00e9s de leurs fonctions par l\u2019arr\u00eat\u00e9 du gouverneur de province.<\/p>\n\n\n\n<p>Les fonctions du gouverneur et vice-gouverneur et des autres autorit\u00e9s des entit\u00e9s territoriales d\u00e9centralis\u00e9es et d\u00e9concentr\u00e9es prennent fin \u00e0 l\u2019expiration du d\u00e9lai pr\u00e9vu pour l\u2019\u00e9tat de si\u00e8ge sauf en cas de prorogation conform\u00e9ment \u00e0 la Constitution. Toutefois, il peut \u00eatre mis fin aux fonctions du Gouverneur et vice-Gouverneur militaires par ordonnance du Pr\u00e9sident de la R\u00e9publique avant la fin de l\u2019\u00e9tat de si\u00e8ge en cas de n\u00e9cessit\u00e9.<\/p>\n\n\n\n<p>Dans l\u2019accomplissement de leurs missions, les autorit\u00e9s provinciales militaires sont investies des pr\u00e9rogatives exorbitantes de la\u00a0 l\u00e9galit\u00e9 normale dans la limite de respect de la dignit\u00e9 humaine, du respect de la vie et de la propri\u00e9t\u00e9 priv\u00e9e. Elles ont notamment le pouvoir de\u00a0faire des perquisitions de jour et de nuit dans les domiciles\u00a0; \u00e9loigner les repris de justice et les individus qui n\u2019ont pas leurs domiciles dans les lieux soumis \u00e0 l\u2019\u00e9tat de si\u00e8ge\u00a0; rechercher et ordonner la remise des armes et des munitions\u00a0; interdire les publications et les r\u00e9unions qu\u2019elles jugent de nature \u00e0\u00a0 exciter ou \u00e0 porter atteinte \u00e0 l\u2019ordre public\u00a0; Interdire la circulation des personnes ou des v\u00e9hicules dans les lieux et heures qu\u2019elles fixent. <\/p>\n\n\n\n<p>Elles ont \u00e9galement le pouvoir d\u2019instituer par d\u00e9cision les zones de protection ou de s\u00e9curit\u00e9\u00a0 pour le s\u00e9jour des personnes\u00a0 et les r\u00e9glementer\u00a0; d\u2019interdire les s\u00e9jours dans toutes ou partie de la province \u00e0 toute personne cherchant \u00e0 entraver de quelque mani\u00e8re que se soit, l\u2019action du pouvoir public\u00a0; d\u2019interpeler toute personne impliqu\u00e9e dans les troubles de la paix et de l\u2019ordre public et la d\u00e9f\u00e9rer devant les juridictions militaires comp\u00e9tentes; et de prendre toutes d\u00e9cisions qu\u2019elles jugent utiles dans l\u2019accomplissement de leurs missions.<\/p>\n\n\n\n<p><strong>Pleins\u00a0 pouvoirs<\/strong><\/p>\n\n\n\n<p>Pendant toute la dur\u00e9e de l\u2019\u00e9tat de si\u00e8ge, le Gouverneur militaire a la conduite des op\u00e9rations. En outre, il a le plein\u00a0 pouvoir de\u00a0 gestion de police et de maintien de l\u2019ordre dans la province d\u00e9sign\u00e9e. Il d\u00e9cide sur toutes les questions sauf celles qui rel\u00e8vent de la comp\u00e9tence des autorit\u00e9s nationales.<\/p>\n\n\n\n<p>Toutefois, pendant cette p\u00e9riode, les droits et principes fondamentaux seront respect\u00e9s. Il s\u2019agit notamment, du droit \u00e0 la vie\u00a0;\u00a0 de l\u2019interdiction de la torture et des peines ou traitements cruels, inhumains ou d\u00e9gradants\u00a0; de l\u2019interdiction de l\u2019esclavage et de la servitude\u00a0; du\u00a0 prince de la l\u00e9galit\u00e9, les infractions et des peines\u00a0; le\u00a0 droit de la d\u00e9fense et le droit de recours; l\u2019interdiction de l\u2019emprisonnement pour dette; la libert\u00e9 de pens\u00e9e, de conscience et de religion.<\/p>\n","protected":false},"excerpt":{"rendered":"<p>\u00c9tat de si\u00e8ge au Nord-Kivu et en Ituri: Fardc et Police affichent leur d\u00e9termination<\/p>\n","protected":false},"author":1,"featured_media":46006,"comment_status":"closed","ping_status":"closed","sticky":false,"template":"","format":"standard","meta":{"footnotes":""},"categories":[136,134,5,25],"tags":[],"class_list":["post-46005","post","type-post","status-publish","format-standard","has-post-thumbnail","hentry","category-a-la-une","category-la-tempete-des-tropiques","category-politique","category-province"],"_links":{"self":[{"href":"http:\/\/www.latempete.info\/index.php?rest_route=\/wp\/v2\/posts\/46005"}],"collection":[{"href":"http:\/\/www.latempete.info\/index.php?rest_route=\/wp\/v2\/posts"}],"about":[{"href":"http:\/\/www.latempete.info\/index.php?rest_route=\/wp\/v2\/types\/post"}],"author":[{"embeddable":true,"href":"http:\/\/www.latempete.info\/index.php?rest_route=\/wp\/v2\/users\/1"}],"replies":[{"embeddable":true,"href":"http:\/\/www.latempete.info\/index.php?rest_route=%2Fwp%2Fv2%2Fcomments&post=46005"}],"version-history":[{"count":2,"href":"http:\/\/www.latempete.info\/index.php?rest_route=\/wp\/v2\/posts\/46005\/revisions"}],"predecessor-version":[{"id":46010,"href":"http:\/\/www.latempete.info\/index.php?rest_route=\/wp\/v2\/posts\/46005\/revisions\/46010"}],"wp:featuredmedia":[{"embeddable":true,"href":"http:\/\/www.latempete.info\/index.php?rest_route=\/wp\/v2\/media\/46006"}],"wp:attachment":[{"href":"http:\/\/www.latempete.info\/index.php?rest_route=%2Fwp%2Fv2%2Fmedia&parent=46005"}],"wp:term":[{"taxonomy":"category","embeddable":true,"href":"http:\/\/www.latempete.info\/index.php?rest_route=%2Fwp%2Fv2%2Fcategories&post=46005"},{"taxonomy":"post_tag","embeddable":true,"href":"http:\/\/www.latempete.info\/index.php?rest_route=%2Fwp%2Fv2%2Ftags&post=46005"}],"curies":[{"name":"wp","href":"https:\/\/api.w.org\/{rel}","templated":true}]}}