{"id":51138,"date":"2022-02-01T11:18:09","date_gmt":"2022-02-01T11:18:09","guid":{"rendered":"http:\/\/www.latempete.info\/?p=51138"},"modified":"2022-02-01T11:18:12","modified_gmt":"2022-02-01T11:18:12","slug":"faits-ambassadeurs-de-la-rumba-congolaise-gims-et-dadju-presentent-a-felix-tshisekedi-leur-projet-culturel-pour-la-rdc","status":"publish","type":"post","link":"http:\/\/www.latempete.info\/?p=51138","title":{"rendered":"Faits ambassadeurs de la Rumba Congolaise: Gims et Dadju pr\u00e9sentent \u00e0 F\u00e9lix Tshisekedi leur projet culturel pour la RDC"},"content":{"rendered":"\n<p><br>Par Carroll Madiya et Yves Mitondo<\/p>\n\n\n\n<p>Re\u00e7us le Dimanche 30 Janvier \u00e0 la Cit\u00e9 de l&rsquo;Union Africaine, les fr\u00e8res Gims et Dadju, artistes-musiciens de renomm\u00e9e internationale, ont \u00e9t\u00e9 faits \u00a0\u00bb Ambassadeurs de la Rumba Congolaise \u00a0\u00bb par le Pr\u00e9sident de la R\u00e9publique, F\u00e9lix Antoine Tshisekedi Tshilombo. A ce titre, les deux chanteurs ont re\u00e7u du Chef de l&rsquo;\u00c9tat des passeports diplomatiques de la R\u00e9publique D\u00e9mocratique du Congo. \u00a0\u00bb Nous avons une carte \u00e0 jouer en tant qu&rsquo;ambassadeurs de la Rumba au moment o\u00f9 notre pays et sa musique sont immortalis\u00e9s par l&rsquo;UNESCO \u00ab\u00a0, a notamment d\u00e9clar\u00e9 Gims \u00e0 la presse.<\/p>\n\n\n\n<p>Des studios d&rsquo;enregistrement au standard europ\u00e9en bient\u00f4t en RDC<\/p>\n\n\n\n<p>Des sujets porteurs d&rsquo;excellence dans un secteur aussi complexe que celui de la culture ont \u00e9t\u00e9 au menu des \u00e9changes, a indiqu\u00e9 Gims plus que jamais d\u00e9termin\u00e9 \u00e0 remettre le Congo, capitale de la Francophonie, sur son pi\u00e9destal au plan musical. Il y croit fermement et veut traduire ses aspirations en acte.<\/p>\n\n\n\n<p>Ainsi, ces deux stars de la chanson fran\u00e7aise ont r\u00e9v\u00e9l\u00e9 leur projet de construire bient\u00f4t en RD Congo des studios d&rsquo;enregistrement au standard europ\u00e9en. Pour cette initiative, ils ont re\u00e7u le soutien total du locataire du Palais de la Nation. \u00a0\u00bb Il n&rsquo;est pas normal que Kinshasa et Lubumbashi, deux grandes villes francophones, manquent ces genres d&rsquo;infrastructures culturelles \u00ab\u00a0, a insist\u00e9 Gims.<\/p>\n\n\n\n<p>Les deux hommes ont aussi fait part \u00e0 leur h\u00f4te de leur volont\u00e9 d&rsquo;organiser un festival annuel de musique en RDC. \u00a0\u00bb Gr\u00e2ce \u00e0 nos connexions, nous pensons amener plusieurs artistes de grande renomm\u00e9e au pays \u00ab\u00a0, a pr\u00e9cis\u00e9 l&rsquo;homme aux \u00e9ternelles lunettes noires. \u00a0\u00bb Nous sommes heureux de rencontrer un Pr\u00e9sident de la R\u00e9publique qui partage la m\u00eame vision que nous \u00ab\u00a0, a conclu Dadju.<\/p>\n\n\n\n<p>Un festival annuel de musique en RD Congo<\/p>\n\n\n\n<p>Gims a profit\u00e9 de cette rencontre avec le num\u00e9ro un rd congolais pour rendre hommage \u00e0 l&rsquo;artiste Matumona Defao, d\u00e9c\u00e9d\u00e9 le 27 d\u00e9cembre 2021 au Cameroun. Il a r\u00e9v\u00e9l\u00e9 que le regrett\u00e9 interpr\u00e8te de la chanson \u00ab\u00a0Amour scolaire \u00a0\u00bb l&rsquo;avait port\u00e9 dans l&rsquo;avion qui l&rsquo;a men\u00e9 de Kinshasa \u00e0 Paris, \u00e0 l&rsquo;\u00e2ge de 2 ans.<\/p>\n\n\n\n<p>Gims, de son vrai Gandhi Djuna, est le 6 mai 1986 \u00e0 Kinshasa. Il est le fils de Djuna Djanana, chanteur qui a prest\u00e9 notamment dans le groupe Viva La Musica, de feu Papa Wemba. Arriv\u00e9 en France avec ses parents, il vit une enfance difficile, du fait de la situation irr\u00e9guli\u00e8re de ses parents sur le territoire fran\u00e7ais. Il est ainsi plac\u00e9 dans des familles d&rsquo;accueil, avant de vivre dans des squats jusqu&rsquo;\u00e0 ses 18 ans.<\/p>\n\n\n\n<p>De Ma\u00eetre Gims \u00e0 Gims<\/p>\n\n\n\n<p>Il prend le surnom de \u00a0\u00bb Ma\u00eetre Gims \u00a0\u00bb en r\u00e9f\u00e9rence au cin\u00e9ma asiatique et au monde des arts martiaux. En 2002, il int\u00e8gre la formation musicale Sexion d&rsquo;assaut. En mars 2019, il r\u00e9v\u00e8le sur son compte Instagram qu&rsquo;il veut changer de nom de sc\u00e8ne, et d\u00e9cide de s&rsquo;appeler non plus Ma\u00eetre Gims mais simplement Gims. L&rsquo;Etat fran\u00e7ais lui a refus\u00e9 par deux fois la naturalisation.<\/p>\n\n\n\n<p>Quant \u00e0 son fr\u00e8re Dadju, de son nom complet Dadju Djuna Nsungula, il est n\u00e9 le 2 mai 1991 \u00e0 Bobigny, en banlieue parisienne. Il est de nationalit\u00e9 fran\u00e7aise. L&rsquo;homme est connu pour des titres comme \u00a0\u00bb Reine \u00a0\u00bb ou encore \u00a0\u00bb Jaloux \u00ab\u00a0. Certains comme le chanteur Karmapa, ce sont interrog\u00e9s sur le fait de nommer \u00a0\u00bb Ambassadeurs de la Rumba congolaise\u00a0\u00bb des chanteurs qui ne font pas de la Rumba congolaise.<\/p>\n","protected":false},"excerpt":{"rendered":"<p>Faits ambassadeurs de la Rumba Congolaise: Gims et Dadju pr\u00e9sentent \u00e0 F\u00e9lix Tshisekedi leur projet culturel pour la RDC<\/p>\n","protected":false},"author":1,"featured_media":51139,"comment_status":"closed","ping_status":"closed","sticky":false,"template":"","format":"standard","meta":{"footnotes":""},"categories":[136,8,29],"tags":[],"class_list":["post-51138","post","type-post","status-publish","format-standard","has-post-thumbnail","hentry","category-a-la-une","category-culture-media","category-musique"],"_links":{"self":[{"href":"http:\/\/www.latempete.info\/index.php?rest_route=\/wp\/v2\/posts\/51138"}],"collection":[{"href":"http:\/\/www.latempete.info\/index.php?rest_route=\/wp\/v2\/posts"}],"about":[{"href":"http:\/\/www.latempete.info\/index.php?rest_route=\/wp\/v2\/types\/post"}],"author":[{"embeddable":true,"href":"http:\/\/www.latempete.info\/index.php?rest_route=\/wp\/v2\/users\/1"}],"replies":[{"embeddable":true,"href":"http:\/\/www.latempete.info\/index.php?rest_route=%2Fwp%2Fv2%2Fcomments&post=51138"}],"version-history":[{"count":1,"href":"http:\/\/www.latempete.info\/index.php?rest_route=\/wp\/v2\/posts\/51138\/revisions"}],"predecessor-version":[{"id":51140,"href":"http:\/\/www.latempete.info\/index.php?rest_route=\/wp\/v2\/posts\/51138\/revisions\/51140"}],"wp:featuredmedia":[{"embeddable":true,"href":"http:\/\/www.latempete.info\/index.php?rest_route=\/wp\/v2\/media\/51139"}],"wp:attachment":[{"href":"http:\/\/www.latempete.info\/index.php?rest_route=%2Fwp%2Fv2%2Fmedia&parent=51138"}],"wp:term":[{"taxonomy":"category","embeddable":true,"href":"http:\/\/www.latempete.info\/index.php?rest_route=%2Fwp%2Fv2%2Fcategories&post=51138"},{"taxonomy":"post_tag","embeddable":true,"href":"http:\/\/www.latempete.info\/index.php?rest_route=%2Fwp%2Fv2%2Ftags&post=51138"}],"curies":[{"name":"wp","href":"https:\/\/api.w.org\/{rel}","templated":true}]}}