{"id":51170,"date":"2022-02-02T12:34:24","date_gmt":"2022-02-02T12:34:24","guid":{"rendered":"http:\/\/www.latempete.info\/?p=51170"},"modified":"2022-02-02T12:34:26","modified_gmt":"2022-02-02T12:34:26","slug":"au-terme-dun-forum-ouvert-organise-a-kinshasa-la-societe-civile-appelee-a-lunite","status":"publish","type":"post","link":"http:\/\/www.latempete.info\/?p=51170","title":{"rendered":"Au terme d\u2019un forum ouvert organis\u00e9 \u00e0 Kinshasa: la soci\u00e9t\u00e9 civile appel\u00e9e \u00e0 l\u2019unit\u00e9"},"content":{"rendered":"\n<p class=\"has-text-align-center\"><br><strong><em>Le Cadre de concertation veut son int\u00e9gration dans le Comit\u00e9 de pilotage<br>du programme de d\u00e9veloppement \u00e0 la case de 145 territoires<br>Par GKM<\/em><\/strong><\/p>\n\n\n\n<p>Le Cadre de Concertation National de la Soci\u00e9t\u00e9 Civile (CCNSC-RDC) a organis\u00e9 \u2026.. un\u00abforum ouvert\u00bb d\u2019analyse de contexte et de d\u00e9finition participative des perspectives d\u2019action de la soci\u00e9t\u00e9 civile en 2022au Centre pour handicap\u00e9s physiques de Kinshasa.<br>Les participants \u00e0 ces travaux ont abord\u00e9, tour \u00e0 tour, le bilan de 2021 du CCNSC, la situation de la pr\u00e9paration des \u00e9lections, le programme DDRC-S et la paix, la taxe RAM, le programme de d\u00e9veloppement \u00e0 la base de 145 territoires, la situation des gouverneurs des provinces mis \u00e0 l\u2019\u00e9cart, la participation l\u00e9gale des acteurs de la soci\u00e9t\u00e9 civile dans les instances de d\u00e9cisions, la loi sur les personnes avec handicap, la transition de la MONUSCO, et autres.<\/p>\n\n\n\n<p>Danny Singoma, coordonnateur du CCNSC qui dirigeait les travaux du forum, a r\u00e9affirm\u00e9 que son combat \u00e0 la t\u00eate de cette plateforme est d\u2019\u0153uvrer pour l\u2019efficacit\u00e9 de la soci\u00e9t\u00e9 civile et l\u2019am\u00e9lioration de son image. Il a salu\u00e9 la bonne collaboration avec le minist\u00e8re du Plan, celui de la Justice ainsi que le minist\u00e8re d\u00e9l\u00e9gu\u00e9 en charge des Personnes Vivant avec Handicap.<\/p>\n\n\n\n<p>Le coordonnateur national du CCBSC a \u00e9galement salu\u00e9 la collaboration avec la MONUSCO et le Programme des Nations Unies pour le d\u00e9veloppement (PNUD). Il a encourag\u00e9, par ailleurs, les leaders des organisations de la soci\u00e9t\u00e9 civile (OSC) \u00e0 demeurer fortement unis autour du CCNSC \u00abqui doit demeurer un espace de dialogue\u00bb entre toutes ces OSC. Le CCNSC doit \u00eatre \u00e9galement un interlocuteur valable des institutions et des partenaires au d\u00e9veloppement.<\/p>\n\n\n\n<p>Danny Singoma a fait, en outre, la restitution du premier \u00abForum national de la soci\u00e9t\u00e9 civile\u00bb sur le PDDRCS et la transition de la MONUSCO tenu du 12 au 15 janvier 2022 \u00e0 Goma,chef-lieu de la province du Nord-Kivu. Ce forum a produit 18 recommandations et a lanc\u00e9 un appel vibrant pour l\u2019int\u00e9gration de la soci\u00e9t\u00e9 civile dans le m\u00e9canisme de pilotage de ce programme important d\u00e9veloppement \u00e0 la base de 145 territoires qui doit \u00eatre bien d\u00e9centralis\u00e9.<\/p>\n\n\n\n<p>Les temps forts de ces assises<\/p>\n\n\n\n<p>Au cours de cette rencontre, plusieurs acteurs de la soci\u00e9t\u00e9 civile sont intervenus. Le docteur Valentin de la F\u00e9d\u00e9ration congolaise des personnes vivant avec handicap (FECOPEHA) a \u00e9voqu\u00e9 la loi sur les personnes avec handicap pour laquelle le CCNSC a beaucoup contribu\u00e9. Il a abord\u00e9 aussi le gap sur la participation politique des personnes avec handicap.<\/p>\n\n\n\n<p>Pour sa part, l\u2019architecte Claudien Mulimilwa, Team leader infrastructures du CCNSC a entretenu l\u2019auditoire sur le programme de d\u00e9veloppement de base de 145 territoires et sur la r\u00e9habilitation du b\u00e2timent abritant de CCNSC provincial de de Kinshasa.<br>De son c\u00f4t\u00e9, Ma\u00eetre Michel Mvondo, rapporteur du CCNSC a parl\u00e9 des risques de rater le processus \u00e9lectoral par le manque de moyens de travail \u00e0 la CENI, le retard dans l\u2019\u00e9laboration de la loi \u00e9lectorale et du d\u00e9marrage des op\u00e9rations pr\u00e9\u00e9lectorales.<\/p>\n\n\n\n<p>Ma\u00eetre Patient Bashombe, ancien coordonnateur national du CCNSC s\u2019est pench\u00e9 sur la notion de la participation l\u00e9gale des acteurs de la soci\u00e9t\u00e9 civile \u00e0 la gestion de la chose publique et sur la pertinence d\u2019une loi sur la soci\u00e9t\u00e9 civile qui d\u00e9finit clairement la notion de la relation avec l\u2019Etat et les avantages l\u00e9gales de la soci\u00e9t\u00e9 civile.<\/p>\n\n\n\n<p>Plusieurs sont aussi intervenus le cas de Mme Chantal Kidiata, de BATSINO Dieumerci et de J\u00e9r\u00f4me Lokando, coordonnateur adjoint du CCNSC qui a interpell\u00e9 l\u2019assistance sur l\u2019identification des membres et le paiement des cotisations.<\/p>\n\n\n\n<p>Supprimer la taxe RAM<\/p>\n\n\n\n<p>Dans leurs recommandations et interpellations, les participants ont appel\u00e9 le Gouvernement congolais \u00e0 supprimer une fois pour toutes la taxe RAM. Ils ont r\u00e9it\u00e9r\u00e9 leur soutien aux r\u00e9solutions du forum de Goma sur le PDDRCS et la transition de la MONUSCO notamment en ce qui concerne l\u2019int\u00e9gration de la soci\u00e9t\u00e9 civile dans les m\u00e9canismes de gestion de ces programmes.<\/p>\n\n\n\n<p>Les d\u00e9l\u00e9gu\u00e9s de la soci\u00e9t\u00e9 civile ont enfin demand\u00e9 au Gouvernement du pays d\u2019\u00e9viter que le programme de 145 territoires puisse enfreindre le processus de d\u00e9centralisation, tout encourageant le Pr\u00e9sident de la R\u00e9publique \u00e0 mat\u00e9rialiser la couverture sant\u00e9 universelle.<\/p>\n","protected":false},"excerpt":{"rendered":"<p>Au terme d\u2019un forum ouvert organis\u00e9 \u00e0 Kinshasa: la soci\u00e9t\u00e9 civile appel\u00e9e \u00e0 l\u2019unit\u00e9<\/p>\n","protected":false},"author":1,"featured_media":0,"comment_status":"closed","ping_status":"closed","sticky":false,"template":"","format":"standard","meta":{"footnotes":""},"categories":[46,4,134],"tags":[],"class_list":["post-51170","post","type-post","status-publish","format-standard","hentry","category-analyses","category-forum","category-la-tempete-des-tropiques"],"_links":{"self":[{"href":"http:\/\/www.latempete.info\/index.php?rest_route=\/wp\/v2\/posts\/51170"}],"collection":[{"href":"http:\/\/www.latempete.info\/index.php?rest_route=\/wp\/v2\/posts"}],"about":[{"href":"http:\/\/www.latempete.info\/index.php?rest_route=\/wp\/v2\/types\/post"}],"author":[{"embeddable":true,"href":"http:\/\/www.latempete.info\/index.php?rest_route=\/wp\/v2\/users\/1"}],"replies":[{"embeddable":true,"href":"http:\/\/www.latempete.info\/index.php?rest_route=%2Fwp%2Fv2%2Fcomments&post=51170"}],"version-history":[{"count":1,"href":"http:\/\/www.latempete.info\/index.php?rest_route=\/wp\/v2\/posts\/51170\/revisions"}],"predecessor-version":[{"id":51171,"href":"http:\/\/www.latempete.info\/index.php?rest_route=\/wp\/v2\/posts\/51170\/revisions\/51171"}],"wp:attachment":[{"href":"http:\/\/www.latempete.info\/index.php?rest_route=%2Fwp%2Fv2%2Fmedia&parent=51170"}],"wp:term":[{"taxonomy":"category","embeddable":true,"href":"http:\/\/www.latempete.info\/index.php?rest_route=%2Fwp%2Fv2%2Fcategories&post=51170"},{"taxonomy":"post_tag","embeddable":true,"href":"http:\/\/www.latempete.info\/index.php?rest_route=%2Fwp%2Fv2%2Ftags&post=51170"}],"curies":[{"name":"wp","href":"https:\/\/api.w.org\/{rel}","templated":true}]}}