{"id":51172,"date":"2022-02-02T12:36:13","date_gmt":"2022-02-02T12:36:13","guid":{"rendered":"http:\/\/www.latempete.info\/?p=51172"},"modified":"2022-02-02T12:36:17","modified_gmt":"2022-02-02T12:36:17","slug":"masina-le-phenomene-kuluna-prend-de-lampleur-a-petro-congo","status":"publish","type":"post","link":"http:\/\/www.latempete.info\/?p=51172","title":{"rendered":"Masina: le ph\u00e9nom\u00e8ne Kuluna prend de l\u2019ampleur \u00e0 Petro-Congo"},"content":{"rendered":"\n<p><br>Par TSM<\/p>\n\n\n\n<p>Depuis un certain temps, le ph\u00e9nom\u00e8ne Kuluna prend de plus en plus d\u2019ampleur au quartier abattoir, pr\u00e9cis\u00e9ment dans la commune de Masina, au quartier Petro-Congo. Ces Kuluna (bandits urbains op\u00e9rant avec arme blanche) s\u00e8ment la terreur, occasionnant la panique et mettant \u00e0 mal la circulation routi\u00e8re. <\/p>\n\n\n\n<p>C\u2019est \u00e0 partir de 20h que deux gangs rivaux de Kuluna s\u2019affrontent, pr\u00e9cis\u00e9ment au niveau de l\u2019arr\u00eat deux paillottes, \u00e0 coup de jet de pierres, d\u00e9truisant tout sur leur passage. Ce d\u00e9sordre appelle l\u2019intervention des policiers, qui tirent parfois des balles en l\u2019air pour dissuader ces d\u00e9linquants troublant l\u2019ordre public.<\/p>\n\n\n\n<p>Cette situation d\u00e9range tellement au niveau de ce tron\u00e7on que plusieurs commerces sont t perturb\u00e9s, notamment les vendeuses qui voient leur bassin renvers\u00e9s et leurs marchandises abim\u00e9es. Il faut signaler que la population de ce coin s\u2019inqui\u00e8te du degr\u00e9 des brutalit\u00e9s \u00e0 r\u00e9p\u00e9tition de ces hors-la-loi, qui n\u2019ont plus froid aux yeux lorsqu\u2019ils commettent leur forfait. Le danger devient ainsi permanent pour ceux qui sont log\u00e9s dans cette partie de Masina\/petro-Congo, \u00e9tant donn\u00e9 que ces gangsters agissent par surprise, laissant peu de chance \u00e0 beaucoup de petits commer\u00e7ants de prot\u00e9ger leurs biens.<\/p>\n\n\n\n<p>Pour contenir ce d\u00e9sordre, quelques \u00e9l\u00e9ments de la Police Nationale congolaise sont sp\u00e9cialement post\u00e9s devant l\u2019universit\u00e9 priv\u00e9e du CEPROMAD, depuis la mort d\u2019un receveur tu\u00e9 par un groupe de Kuluna. C\u2019est gr\u00e2ce \u00e0 leur intervention spontan\u00e9e que le calme revient une fois que ces bandits urbains cherchent \u00e0 troubler l\u2019ordre public.Il est important que ces policiers soient r\u00e9guli\u00e8rement \u00e9quip\u00e9s, pour leur permettre d\u2019accomplir leur mission dans de bonnes conditions.<\/p>\n\n\n\n<p>Le service national, qui a d\u00e9j\u00e0 fait preuve d\u2019un bon usage dans l\u2019utilisation des enfants Kuluna pour l\u2019int\u00e9r\u00eat communautaire, a certainement plus besoin d\u2019eux. Raison pour laquelle, ils doivent tous \u00eatre r\u00e9cup\u00e9r\u00e9s afin de le former dans un m\u00e9tier, pour les rendre utile \u00e0 la soci\u00e9t\u00e9.<\/p>\n","protected":false},"excerpt":{"rendered":"<p>Masina: le ph\u00e9nom\u00e8ne Kuluna prend de l\u2019ampleur \u00e0 Petro-Congo<\/p>\n","protected":false},"author":1,"featured_media":0,"comment_status":"closed","ping_status":"closed","sticky":false,"template":"","format":"standard","meta":{"footnotes":""},"categories":[134,5,25],"tags":[],"class_list":["post-51172","post","type-post","status-publish","format-standard","hentry","category-la-tempete-des-tropiques","category-politique","category-province"],"_links":{"self":[{"href":"http:\/\/www.latempete.info\/index.php?rest_route=\/wp\/v2\/posts\/51172"}],"collection":[{"href":"http:\/\/www.latempete.info\/index.php?rest_route=\/wp\/v2\/posts"}],"about":[{"href":"http:\/\/www.latempete.info\/index.php?rest_route=\/wp\/v2\/types\/post"}],"author":[{"embeddable":true,"href":"http:\/\/www.latempete.info\/index.php?rest_route=\/wp\/v2\/users\/1"}],"replies":[{"embeddable":true,"href":"http:\/\/www.latempete.info\/index.php?rest_route=%2Fwp%2Fv2%2Fcomments&post=51172"}],"version-history":[{"count":1,"href":"http:\/\/www.latempete.info\/index.php?rest_route=\/wp\/v2\/posts\/51172\/revisions"}],"predecessor-version":[{"id":51173,"href":"http:\/\/www.latempete.info\/index.php?rest_route=\/wp\/v2\/posts\/51172\/revisions\/51173"}],"wp:attachment":[{"href":"http:\/\/www.latempete.info\/index.php?rest_route=%2Fwp%2Fv2%2Fmedia&parent=51172"}],"wp:term":[{"taxonomy":"category","embeddable":true,"href":"http:\/\/www.latempete.info\/index.php?rest_route=%2Fwp%2Fv2%2Fcategories&post=51172"},{"taxonomy":"post_tag","embeddable":true,"href":"http:\/\/www.latempete.info\/index.php?rest_route=%2Fwp%2Fv2%2Ftags&post=51172"}],"curies":[{"name":"wp","href":"https:\/\/api.w.org\/{rel}","templated":true}]}}