{"id":51430,"date":"2022-02-11T18:08:00","date_gmt":"2022-02-11T18:08:00","guid":{"rendered":"http:\/\/www.latempete.info\/?p=51430"},"modified":"2022-02-11T18:08:02","modified_gmt":"2022-02-11T18:08:02","slug":"journee-internationale-de-la-femme-le-theme-de-ledition-2022-desormais-devoile","status":"publish","type":"post","link":"http:\/\/www.latempete.info\/?p=51430","title":{"rendered":"Journ\u00e9e internationale de la femme : le th\u00e8me de l&rsquo;\u00e9dition 2022 d\u00e9sormais d\u00e9voil\u00e9"},"content":{"rendered":"\n<p><br>Par GKM<\/p>\n\n\n\n<p>\u00ab\u00a0Promouvoir l&rsquo;autonomisation des femmes et des filles dans le contexte de lutte contre le changement climatique et r\u00e9duction des risques de catastrophes\u00a0\u00bb est le th\u00e8me national retenu dans le cadre de la Journ\u00e9e internationale de la femme (JIF) \u00e9dition 2022.<br>C\u00e9l\u00e9br\u00e9e le 8 mars de chaque ann\u00e9e, la JIF a pour th\u00e8me au niveau international: \u00ab\u00a0?<\/p>\n\n\n\n<p>Egalit\u00e9 aujourd&rsquo;hui pour un avenir durable?\u00a0\u00bb. C&rsquo;est en reconnaissance de la contribution des femmes et des filles du monde entier qui m\u00e8nent l&rsquo;offensive quant \u00e0 l&rsquo;adaptation et la r\u00e9ponse aux changements climatiques et \u00e0 leur att\u00e9nuation en faveur de la construction d&rsquo;un avenir plus durable pour toutes les personnes, note Mme DesyFurahaMaliroBoji, pr\u00e9sidente nationale du r\u00e9seau Femmes Solidaires pour la Paix et le D\u00e9veloppement (FSPD).<\/p>\n\n\n\n<p> Pour la pr\u00e9sident DesyFuraha, il s&rsquo;agit d&rsquo;un th\u00e8me interpellateur en vue de faire progresser l&rsquo;\u00e9galit\u00e9 des sexes dans le contexte de la crise climatique et de la r\u00e9duction des risques de catastrophe qui est l&rsquo;un des plus grands d\u00e9fis mondiaux du XXIe si\u00e8cle. Elle estime que les probl\u00e8mes li\u00e9s aux changements climatiques et \u00e0 la durabilit\u00e9 ont eu et continueront avoir des r\u00e9percussions graves et durables sur l&rsquo;environnement et sur le d\u00e9veloppement \u00e9conomique et social. Ce sont les femmes qui sont parmi les plus vuln\u00e9rables et marginalis\u00e9es en subissant les retomb\u00e9es les plus graves.<\/p>\n\n\n\n<p>La pr\u00e9sidente du r\u00e9seau FSPD note que les femmes sont de plus en plus reconnues comme \u00e9tant plus vuln\u00e9rables aux impacts du changement climatique que les hommes. Elles constituent la majorit\u00e9 des personnes pauvres de la plan\u00e8te et sont davantage d\u00e9pendantes des ressources naturelles qui sont les plus menac\u00e9es par le changement climatique.<\/p>\n\n\n\n<p>\u00ab\u00a0Les femmes et les filles sont des leaders et responsables du changement \u0153uvrant efficacement et puissamment en faveur de l&rsquo;adaptation aux changements climatiques et de leur att\u00e9nuation. Elles participent \u00e0 des initiatives de d\u00e9veloppement durable dans le monde entier, et leur participation et leur leadership se traduisent par une action climatique plus efficace\u00a0\u00bb, affirme Mme Desy Furaha.<\/p>\n\n\n\n<p>Et de conclure, \u00ab\u00a0il est essentiel de continuer \u00e0 explorer les opportunit\u00e9s \u00e0 exploiter, ainsi que les contraintes \u00e0 surmonter, dans les moyens d&rsquo;action mis \u00e0 la disposition des femmes et des filles pour qu&rsquo;elles fassent entendre leur voix et jouent un r\u00f4le \u00e9gal dans la prise de d\u00e9cisions li\u00e9es au changement climatique et \u00e0 la durabilit\u00e9, en vue d&rsquo;atteindre un d\u00e9veloppement durable et une plus grande \u00e9galit\u00e9 des sexes. Sans l&rsquo;\u00e9galit\u00e9 des sexes aujourd&rsquo;hui, un avenir durable et un avenir \u00e9gal restent hors de notre port\u00e9e\u00a0\u00bb.<\/p>\n","protected":false},"excerpt":{"rendered":"<p>Par GKM \u00ab\u00a0Promouvoir l&rsquo;autonomisation des femmes et des filles dans le contexte de lutte contre le changement climatique et r\u00e9duction des risques de catastrophes\u00a0\u00bb est le th\u00e8me national retenu dans le cadre de la Journ\u00e9e internationale de la femme (JIF) \u00e9dition 2022.C\u00e9l\u00e9br\u00e9e le 8 mars de chaque ann\u00e9e, la JIF a pour th\u00e8me au niveau [&hellip;]<\/p>\n","protected":false},"author":1,"featured_media":51431,"comment_status":"closed","ping_status":"closed","sticky":false,"template":"","format":"standard","meta":{"footnotes":""},"categories":[134,124,969,10],"tags":[1098],"class_list":["post-51430","post","type-post","status-publish","format-standard","has-post-thumbnail","hentry","category-la-tempete-des-tropiques","category-mentalite","category-page-de-la-femme","category-societe","tag-latempete"],"_links":{"self":[{"href":"http:\/\/www.latempete.info\/index.php?rest_route=\/wp\/v2\/posts\/51430"}],"collection":[{"href":"http:\/\/www.latempete.info\/index.php?rest_route=\/wp\/v2\/posts"}],"about":[{"href":"http:\/\/www.latempete.info\/index.php?rest_route=\/wp\/v2\/types\/post"}],"author":[{"embeddable":true,"href":"http:\/\/www.latempete.info\/index.php?rest_route=\/wp\/v2\/users\/1"}],"replies":[{"embeddable":true,"href":"http:\/\/www.latempete.info\/index.php?rest_route=%2Fwp%2Fv2%2Fcomments&post=51430"}],"version-history":[{"count":1,"href":"http:\/\/www.latempete.info\/index.php?rest_route=\/wp\/v2\/posts\/51430\/revisions"}],"predecessor-version":[{"id":51432,"href":"http:\/\/www.latempete.info\/index.php?rest_route=\/wp\/v2\/posts\/51430\/revisions\/51432"}],"wp:featuredmedia":[{"embeddable":true,"href":"http:\/\/www.latempete.info\/index.php?rest_route=\/wp\/v2\/media\/51431"}],"wp:attachment":[{"href":"http:\/\/www.latempete.info\/index.php?rest_route=%2Fwp%2Fv2%2Fmedia&parent=51430"}],"wp:term":[{"taxonomy":"category","embeddable":true,"href":"http:\/\/www.latempete.info\/index.php?rest_route=%2Fwp%2Fv2%2Fcategories&post=51430"},{"taxonomy":"post_tag","embeddable":true,"href":"http:\/\/www.latempete.info\/index.php?rest_route=%2Fwp%2Fv2%2Ftags&post=51430"}],"curies":[{"name":"wp","href":"https:\/\/api.w.org\/{rel}","templated":true}]}}