{"id":52437,"date":"2022-03-30T17:57:50","date_gmt":"2022-03-30T17:57:50","guid":{"rendered":"http:\/\/www.latempete.info\/?p=52437"},"modified":"2022-03-30T17:57:53","modified_gmt":"2022-03-30T17:57:53","slug":"les-consequences-de-la-gifle-de-will-smith-a-chris-rock-aux-oscars","status":"publish","type":"post","link":"http:\/\/www.latempete.info\/?p=52437","title":{"rendered":"Les cons\u00e9quences de la gifle de Will Smith \u00e0 Chris Rock aux Oscars"},"content":{"rendered":"\n<p><br>Par YHR<\/p>\n\n\n\n<p>La gifle administr\u00e9e par Will Smith \u00e0 Chris Rock reste encore dans les esprits, deux jours apr\u00e8s les Oscars 2022. Si Rock a d\u00e9cid\u00e9 de ne pas porter plainte contre l\u2019acteur pour le moment, l\u2019Acad\u00e9mie des Oscars a annonc\u00e9 le lundi soir dans un communiqu\u00e9 avoir command\u00e9 une enqu\u00eate interne formelle.<\/p>\n\n\n\n<p> Dans le document mis en ligne tardivement le lundi 28\u00a0mars, l\u2019instance a dit \u00ab\u00a0condamner\u00a0\u00bb le geste de la star, qui a pourtant re\u00e7u le soir m\u00eame l\u2019Oscar du meilleur acteur pour son r\u00f4le dans\u00a0le film \u00ab\u00a0La M\u00e9thode Williams\u00a0\u00bb. Si elle a demand\u00e9 une enqu\u00eate, il est \u00e9galement peu probable que l\u2019Acad\u00e9mie demande \u00e0 Will Smith de rendre son Oscar du meilleur acteur.<\/p>\n\n\n\n<p>Excuses publiques<\/p>\n\n\n\n<p>De son c\u00f4t\u00e9, Smith s\u2019est publiquement excus\u00e9 sur Instagram, jugeant son comportement \u00ab\u00a0inacceptable et inexcusable\u00a0\u00bb.\u00a0\u00ab\u00a0Ce que j\u2019ai fait est d\u00e9plac\u00e9 et j\u2019ai eu tort [\u2026] La violence n\u2019a pas sa place dans un monde d\u2019amour et de bont\u00e9.\u00a0\u00bb Mais les deux protagonistes de cette discorde se sont-ils r\u00e9concili\u00e9s depuis ?<\/p>\n\n\n\n<p>\u00a0Sean \u00ab\u00a0Diddy\u00a0\u00bb Combs\u00a0aurait affirm\u00e9 aupr\u00e8s d\u2019une publication que l\u2019incident \u00ab\u00a0n\u2019est plus un probl\u00e8me.\u00a0C\u2019est termin\u00e9 [\u2026] Ils sont fr\u00e8res\u00a0\u00bb.\u00a0Cependant, les deux stars ne se seraient pas parl\u00e9 depuis\u00a0la fameuse \u00ab\u00a0baffe\u00a0\u00bb.\u00a0Ils n\u2019auraient donc pas encore fait la paix.\u00a0D\u2019apr\u00e8s un site d\u2019information li\u00e9 au showbiz, Chris Rock aurait m\u00eame \u00e9vit\u00e9 Will Smith lors de la soir\u00e9e ayant suivi la c\u00e9r\u00e9monie. Il semble que ce dernier n\u2019avait pas eu connaissance de la maladie dont souffrait Jada Pinkett Smith.<\/p>\n\n\n\n<p>Si Will Smith a frapp\u00e9 Chris\u00a0Rock lors des Oscars 2022, c\u2019est donc avant tout \u00e0 cause d\u2019une mauvaise blague du ma\u00eetre de c\u00e9r\u00e9monie.\u00a0L\u2019humoriste, venu introduire l\u2019Oscar du meilleur documentaire, avait fait une plaisanterie sur la femme de Will Smith, Jada\u00a0Pinkett-Smith et sur sa calvitie due \u00e0 une maladie, l\u2019alop\u00e9cie. <\/p>\n\n\n\n<p>Il l\u2019a notamment compar\u00e9e \u00e0 Demi Moore, chauve dans le film\u00a0\u00ab\u00a0GI Jane\u00a0\u00bb.\u00a0Will Smith n\u2019a pas du tout appr\u00e9ci\u00e9 la blague, puisqu\u2019il s\u2019est lev\u00e9 et a frapp\u00e9 Chris Rock au visage, avant de hurler\u00a0:\u00a0\u00ab\u00a0Laisse le nom de ma femme hors de ta put*** de bouche\u00a0!\u00a0\u00bb<br>Ce n\u2019est pas la premi\u00e8re fois que Chris Rock se moque de Jada Pinkett Smith aux Oscars.<\/p>\n\n\n\n<p>\u00a0Il s\u2019\u00e9tait notamment moqu\u00e9e de l\u2019actrice et Will Smith en 2016, alors qu\u2019il animait la 88\u00e8me soir\u00e9e de remise de prix.\u00a0Le couple avait en effet appel\u00e9 au boycott de la c\u00e9r\u00e9monie, Jada Pinkett Smith d\u00e9plorant que son mari ne soit pas nomm\u00e9 et d\u00e9plorant le manque de diversit\u00e9 de l\u2019Acad\u00e9mie.\u00a0<\/p>\n\n\n\n<p>\u00ab\u00a0Que s\u2019est-il pass\u00e9 cette ann\u00e9e, s\u2019\u00e9tait interrog\u00e9 Chris Rock lors d\u2019un discours. Les gens sont devenus fous.\u00a0Spike [Lee] est devenu fou.\u00a0Jada [Pinkett Smith] est devenue folle. Will est devenu fou.\u00a0Tout le monde est devenu fou ! Jada a dit qu\u2019elle ne viendrait pas [\u2026] Jada qui boycotte les Oscars, c\u2019est comme si je boycottais la culotte de Rihanna. <\/p>\n\n\n\n<p>Je n\u2019\u00e9tais pas invit\u00e9 de toute mani\u00e8re\u00a0!\u00a0\u00bb Chris Rock s\u2019est r\u00e9guli\u00e8rement moqu\u00e9 du couple par le pass\u00e9, que \u00e7a soit sur leur vie priv\u00e9e, leur carri\u00e8re ou ici le physique de Jada\u00a0Pinkett Smith. La c\u00e9r\u00e9monie des Oscars 2022\u00a0aura visiblement \u00e9t\u00e9 la goutte d\u2019eau ayant fait d\u00e9border le vase.\u00a0<\/p>\n\n\n\n<p>Des amis s\u2019interposent<\/p>\n\n\n\n<p>Aux Etats-Unis, la cha\u00eene qui a diffus\u00e9 la c\u00e9r\u00e9monie des Oscars a coup\u00e9 le son au moment de l\u2019incident\u00a0et des coupures pubs sont rapidement venues interrompre la soir\u00e9e.<\/p>\n\n\n\n<p>\u00a0A ce moment l\u00e0, l\u2019attach\u00e9e presse de Will Smith, ainsi que plusieurs de ses amis dont Denzel Washington et Bradley Cooper se sont regroup\u00e9s\u00a0aupr\u00e8s de l\u2019acteur pour l\u2019aider \u00e0 se calmer et le conseiller sur la marche \u00e0 suivre durant le reste de la soir\u00e9e. Par la suite, Will Smith a \u00e9vit\u00e9 la traditionnelle conf\u00e9rence de presse que donnent les vainqueurs des Oscars et n\u2019a pas fait de commentaire\u00a0aupr\u00e8s des journalistes.<\/p>\n\n\n\n<p><\/p>\n","protected":false},"excerpt":{"rendered":"<p>Les cons\u00e9quences de la gifle de Will Smith \u00e0 Chris Rock aux Oscars<\/p>\n","protected":false},"author":1,"featured_media":52438,"comment_status":"closed","ping_status":"closed","sticky":false,"template":"","format":"standard","meta":{"footnotes":""},"categories":[136,8,134],"tags":[1098],"class_list":["post-52437","post","type-post","status-publish","format-standard","has-post-thumbnail","hentry","category-a-la-une","category-culture-media","category-la-tempete-des-tropiques","tag-latempete"],"_links":{"self":[{"href":"http:\/\/www.latempete.info\/index.php?rest_route=\/wp\/v2\/posts\/52437"}],"collection":[{"href":"http:\/\/www.latempete.info\/index.php?rest_route=\/wp\/v2\/posts"}],"about":[{"href":"http:\/\/www.latempete.info\/index.php?rest_route=\/wp\/v2\/types\/post"}],"author":[{"embeddable":true,"href":"http:\/\/www.latempete.info\/index.php?rest_route=\/wp\/v2\/users\/1"}],"replies":[{"embeddable":true,"href":"http:\/\/www.latempete.info\/index.php?rest_route=%2Fwp%2Fv2%2Fcomments&post=52437"}],"version-history":[{"count":1,"href":"http:\/\/www.latempete.info\/index.php?rest_route=\/wp\/v2\/posts\/52437\/revisions"}],"predecessor-version":[{"id":52439,"href":"http:\/\/www.latempete.info\/index.php?rest_route=\/wp\/v2\/posts\/52437\/revisions\/52439"}],"wp:featuredmedia":[{"embeddable":true,"href":"http:\/\/www.latempete.info\/index.php?rest_route=\/wp\/v2\/media\/52438"}],"wp:attachment":[{"href":"http:\/\/www.latempete.info\/index.php?rest_route=%2Fwp%2Fv2%2Fmedia&parent=52437"}],"wp:term":[{"taxonomy":"category","embeddable":true,"href":"http:\/\/www.latempete.info\/index.php?rest_route=%2Fwp%2Fv2%2Fcategories&post=52437"},{"taxonomy":"post_tag","embeddable":true,"href":"http:\/\/www.latempete.info\/index.php?rest_route=%2Fwp%2Fv2%2Ftags&post=52437"}],"curies":[{"name":"wp","href":"https:\/\/api.w.org\/{rel}","templated":true}]}}